{"id":5250,"date":"2024-04-08T08:12:58","date_gmt":"2024-04-08T08:12:58","guid":{"rendered":"https:\/\/www.lafiracentrecomercial.com\/?p=5250"},"modified":"2024-04-09T08:46:18","modified_gmt":"2024-04-09T08:46:18","slug":"tiendas-mgi-obre-les-seves-portes-a-la-fira-centre-comercial","status":"publish","type":"post","link":"https:\/\/www.lafiracentrecomercial.com\/ca\/tiendas-mgi-obre-les-seves-portes-a-la-fira-centre-comercial\/","title":{"rendered":"Tiendas MGI obre les seves portes a La Fira Centre Comercial"},"content":{"rendered":"\n<h5 class=\"wp-block-heading\"><\/h5>\n\n\n\n<div style=\"height:30px\" aria-hidden=\"true\" class=\"wp-block-spacer\"><\/div>\n\n\n\n<div style=\"height:30px\" aria-hidden=\"true\" class=\"wp-block-spacer\"><\/div>\n","protected":false},"excerpt":{"rendered":"<p>La marca d\u2019origen malagueny obre el primer local de la prov\u00edncia de Tarragona i el segon de Catalunya.<\/p>\n","protected":false},"author":2,"featured_media":5248,"comment_status":"closed","ping_status":"closed","sticky":false,"template":"","format":"standard","meta":{"footnotes":""},"categories":[],"tags":[],"class_list":["post-5250","post","type-post","status-publish","format-standard","has-post-thumbnail","hentry"],"featured_img_url":"https:\/\/www.lafiracentrecomercial.com\/wp-content\/uploads\/2024\/04\/mgi-NOTICIAS-WEB-640X348.webp","custom_meta":{"contentDirectorios":"","contentAux":"<div data-id=\"5250\" class=\"mfn-builder-content mfn-default-content-buider\"><section class=\"section mcb-section mfn-default-section mcb-section-zya15xmm4\"   style=\"\" ><div class=\"mcb-background-overlay\"><\/div><div class=\"section_wrapper mfn-wrapper-for-wraps mcb-section-inner mcb-section-inner-zya15xmm4\"><div  class=\"wrap mcb-wrap mcb-wrap-57fgysmgw one tablet-one laptop-one mobile-one vb-item clearfix\" data-desktop-col=\"one\" data-laptop-col=\"laptop-one\" data-tablet-col=\"tablet-one\" data-mobile-col=\"mobile-one\" style=\"\"   ><div class=\"mcb-wrap-inner mcb-wrap-inner-57fgysmgw mfn-module-wrapper mfn-wrapper-for-wraps\"  ><div class=\"mcb-wrap-background-overlay\"><\/div><div  class=\"column mcb-column mcb-item-b93pzwxr one laptop-one tablet-one mobile-one column_heading vb-item\" style=\"\" ><div class=\"mcb-column-inner mfn-module-wrapper mcb-column-inner-b93pzwxr mcb-item-heading-inner\"><h1 class=\"title\">Tiendas MGI obre les seves portes a La Fira Centre Comercial<\/h1><\/div><\/div><\/div><\/div><\/div><\/section><section class=\"section mcb-section mfn-default-section mcb-section-nclnlo4md\"   style=\"\" ><div class=\"mcb-background-overlay\"><\/div><div class=\"section_wrapper mfn-wrapper-for-wraps mcb-section-inner mcb-section-inner-nclnlo4md\"><div  class=\"wrap mcb-wrap mcb-wrap-n7wicxah one tablet-one laptop-one mobile-one vb-item clearfix\" data-desktop-col=\"one\" data-laptop-col=\"laptop-one\" data-tablet-col=\"tablet-one\" data-mobile-col=\"mobile-one\" style=\"\"   ><div class=\"mcb-wrap-inner mcb-wrap-inner-n7wicxah mfn-module-wrapper mfn-wrapper-for-wraps\"  ><div class=\"mcb-wrap-background-overlay\"><\/div><div  class=\"column mcb-column mcb-item-41rdl25ri one laptop-one tablet-one mobile-one column_divider_2 vb-item\" style=\"\" ><div class=\"mcb-column-inner mfn-module-wrapper mcb-column-inner-41rdl25ri mcb-item-divider_2-inner\"><div class=\"mfn-divider mfn-divider-center\"><div class=\"mfn-divider-inner\"><\/div><\/div>\n<\/div><\/div><div  class=\"column mcb-column mcb-item-83f6go2re one laptop-one tablet-one mobile-one column_image vb-item\" style=\"\" ><div class=\"mcb-column-inner mfn-module-wrapper mcb-column-inner-83f6go2re mcb-item-image-inner\"><div class=\"image_frame image_item no_link scale-with-grid element_classes alignnone no_border mfn-img-box\" ><div class=\"image_wrapper\"><img width=\"2560\" height=\"1413\" src=\"https:\/\/www.lafiracentrecomercial.com\/wp-content\/uploads\/2024\/04\/apertura-mgi-2-scaled.jpg\" class=\"scale-with-grid\" alt=\"Tiendas MGI abre sus puertas en La Fira Centre Comercial\" style=\"\" decoding=\"async\" srcset=\"https:\/\/www.lafiracentrecomercial.com\/wp-content\/uploads\/2024\/04\/apertura-mgi-2-scaled.jpg 2560w, https:\/\/www.lafiracentrecomercial.com\/wp-content\/uploads\/2024\/04\/apertura-mgi-2-500x276.jpg 500w, https:\/\/www.lafiracentrecomercial.com\/wp-content\/uploads\/2024\/04\/apertura-mgi-2-1200x662.jpg 1200w, https:\/\/www.lafiracentrecomercial.com\/wp-content\/uploads\/2024\/04\/apertura-mgi-2-300x166.jpg 300w, https:\/\/www.lafiracentrecomercial.com\/wp-content\/uploads\/2024\/04\/apertura-mgi-2-768x424.jpg 768w, https:\/\/www.lafiracentrecomercial.com\/wp-content\/uploads\/2024\/04\/apertura-mgi-2-1536x848.jpg 1536w, https:\/\/www.lafiracentrecomercial.com\/wp-content\/uploads\/2024\/04\/apertura-mgi-2-2048x1130.jpg 2048w, https:\/\/www.lafiracentrecomercial.com\/wp-content\/uploads\/2024\/04\/apertura-mgi-2-136x75.jpg 136w, https:\/\/www.lafiracentrecomercial.com\/wp-content\/uploads\/2024\/04\/apertura-mgi-2-480x265.jpg 480w\" sizes=\"(max-width:767px) 480px, (max-width:2560px) 100vw, 2560px\" \/><\/div><\/div>\n<\/div><\/div><div  class=\"column mcb-column mcb-item-omk6f3xvf one laptop-one tablet-one mobile-one column_column vb-item\" style=\"\" ><div class=\"mcb-column-inner mfn-module-wrapper mcb-column-inner-omk6f3xvf mcb-item-column-inner\"><div class=\"column_attr mfn-inline-editor clearfix\" style=\"\"><h3><b><span lang=\"CA\"><a href=\"https:\/\/www.lafiracentrecomercial.com\/ca\/portfolio-item\/mgi\/\">MGI<\/a>, la marca d\u2019origen <\/span><\/b><b><span lang=\"CA\">malagueny obre el primer local de la prov\u00edncia de Tarragona i el segon de Catalunya.<\/span><\/b><\/h3><\/div><\/div><\/div><div  class=\"column mcb-column mcb-item-zih5d0uae one laptop-one tablet-one mobile-one column_column vb-item\" style=\"\" ><div class=\"mcb-column-inner mfn-module-wrapper mcb-column-inner-zih5d0uae mcb-item-column-inner\"><div class=\"column_attr mfn-inline-editor clearfix\" style=\"\"><p style=\"font-weight: 400;\"><strong>Reus, 5 d'abril de 2024.- <\/strong>La Fira Centre Comercial (Reus) dona la benvinguda a <a href=\"https:\/\/www.lafiracentrecomercial.com\/ca\/portfolio-item\/mgi\/\">MGI<\/a>, marca que debuta a la prov\u00edncia de Tarragona amb la seva segona botiga a Catalunya. Aquest nou local, situat estrat\u00e8gicament a la Planta Baixa, al costat de <a href=\"https:\/\/www.lafiracentrecomercial.com\/ca\/portfolio-item\/pepco\/\">Pepco<\/a> i <a href=\"https:\/\/www.lafiracentrecomercial.com\/ca\/portfolio-item\/fitness-park\/\">Fitness Park<\/a>, ofereix una experi\u00e8ncia de compra excepcional en una superf\u00edcie de m\u00e9s de 900 m\u00b2. Per a celebrar la inauguraci\u00f3, MGI obsequiar\u00e0 als primers 300 visitants amb un detall especial.<\/p>\n<p style=\"font-weight: 400;\"><strong><a href=\"https:\/\/www.tiendasmgi.es\/\">MGI<\/a>, 20 anys de preus irresistibles<\/strong><\/p>\n<p style=\"font-weight: 400;\">Amb seu en Ronda (M\u00e0laga) i 20 anys de traject\u00f2ria, MGI s'ha consolidat com una cadena l\u00edder en venda directa al p\u00fablic amb 80 botigues, principalment a Andalusia, Llevant i Madrid. La seva estrat\u00e8gia de \"preus rodons\" (sense decimals) i la seva \u00e0mplia gamma de productes la converteixen en una opci\u00f3 atractiva per als consumidors. Des de decoraci\u00f3 i articles per la llar fins a joguines, productes per a mascotes, t\u00e8xtils, petits electrodom\u00e8stics i articles per a platja, acampada i jard\u00ed, MGI ofereix milers d'articles a 10, 15 i 20\u20ac.<\/p>\n<p style=\"font-weight: 400; text-align: justify;\"><span style=\"font-weight: 400;\">L'obertura de MGI a La Fira confirma el creixent inter\u00e8s de nous operadors per establir-se en el centre comercial. Aquesta incorporaci\u00f3 enriqueix i impulsa l'oferta comercial del centre, brindant als clients una experi\u00e8ncia de compra \u00fanica i diversa.<\/span><\/p><\/div><\/div><\/div><\/div><\/div><div  class=\"wrap mcb-wrap mcb-wrap-6cpan9fzo one-second tablet-one-second laptop-one-second mobile-one vb-item clearfix\" data-desktop-col=\"one-second\" data-laptop-col=\"laptop-one-second\" data-tablet-col=\"tablet-one-second\" data-mobile-col=\"mobile-one\" style=\"\"   ><div class=\"mcb-wrap-inner mcb-wrap-inner-6cpan9fzo mfn-module-wrapper mfn-wrapper-for-wraps\"  ><div class=\"mcb-wrap-background-overlay\"><\/div><\/div><\/div><div  class=\"wrap mcb-wrap mcb-wrap-1f11nuaob divider   mobile-one vb-item clearfix\" data-desktop-col=\"divider\" data-laptop-col=\"\" data-tablet-col=\"\" data-mobile-col=\"mobile-one\" style=\"\"   ><div class=\"mcb-wrap-inner mcb-wrap-inner-1f11nuaob mfn-module-wrapper mfn-wrapper-for-wraps\"  ><div class=\"mcb-wrap-background-overlay\"><\/div><\/div><\/div><div  class=\"wrap mcb-wrap mcb-wrap-jxwweexfr divider   mobile-one vb-item clearfix\" data-desktop-col=\"divider\" data-laptop-col=\"\" data-tablet-col=\"\" data-mobile-col=\"mobile-one\" style=\"\"   ><div class=\"mcb-wrap-inner mcb-wrap-inner-jxwweexfr mfn-module-wrapper mfn-wrapper-for-wraps\"  ><div class=\"mcb-wrap-background-overlay\"><\/div><\/div><\/div><\/div><\/section><section class=\"section mcb-section mfn-default-section mcb-section-xya0k15k\"   style=\"\" ><div class=\"mcb-background-overlay\"><\/div><div class=\"section_wrapper mfn-wrapper-for-wraps mcb-section-inner mcb-section-inner-xya0k15k\"><\/div><\/section><section class=\"section mcb-section mfn-default-section mcb-section-og5fq3h4p\"   style=\"\" ><div class=\"mcb-background-overlay\"><\/div><div class=\"section_wrapper mfn-wrapper-for-wraps mcb-section-inner mcb-section-inner-og5fq3h4p\"><div  class=\"wrap mcb-wrap mcb-wrap-gf66ay6dq one tablet-one laptop-one mobile-one vb-item clearfix\" data-desktop-col=\"one\" data-laptop-col=\"laptop-one\" data-tablet-col=\"tablet-one\" data-mobile-col=\"mobile-one\" style=\"\"   ><div class=\"mcb-wrap-inner mcb-wrap-inner-gf66ay6dq mfn-module-wrapper mfn-wrapper-for-wraps\"  ><div class=\"mcb-wrap-background-overlay\"><\/div><div  class=\"column mcb-column mcb-item-7x4f9fqu one laptop-one tablet-one mobile-one column_button vb-item\" style=\"\" ><div class=\"mcb-column-inner mfn-module-wrapper mcb-column-inner-7x4f9fqu mcb-item-button-inner\"><a class=\"button  button_left button_size_1\" href=\"https:\/\/www.lafiracentrecomercial.com\/es\/actualidad-sin-filtros\/\"         title=\"\"><span class=\"button_icon\"><i class=\"icon-left-open\"  aria-hidden=\"true\"><\/i><\/span><span class=\"button_label\">Volver a Actualidad<\/span><\/a>\n<\/div><\/div><\/div><\/div><\/div><\/section><\/div>"},"publishpress_future_workflow_manual_trigger":{"enabledWorkflows":[]},"_links":{"self":[{"href":"https:\/\/www.lafiracentrecomercial.com\/ca\/wp-json\/wp\/v2\/posts\/5250","targetHints":{"allow":["GET"]}}],"collection":[{"href":"https:\/\/www.lafiracentrecomercial.com\/ca\/wp-json\/wp\/v2\/posts"}],"about":[{"href":"https:\/\/www.lafiracentrecomercial.com\/ca\/wp-json\/wp\/v2\/types\/post"}],"author":[{"embeddable":true,"href":"https:\/\/www.lafiracentrecomercial.com\/ca\/wp-json\/wp\/v2\/users\/2"}],"replies":[{"embeddable":true,"href":"https:\/\/www.lafiracentrecomercial.com\/ca\/wp-json\/wp\/v2\/comments?post=5250"}],"version-history":[{"count":2,"href":"https:\/\/www.lafiracentrecomercial.com\/ca\/wp-json\/wp\/v2\/posts\/5250\/revisions"}],"predecessor-version":[{"id":5252,"href":"https:\/\/www.lafiracentrecomercial.com\/ca\/wp-json\/wp\/v2\/posts\/5250\/revisions\/5252"}],"wp:featuredmedia":[{"embeddable":true,"href":"https:\/\/www.lafiracentrecomercial.com\/ca\/wp-json\/wp\/v2\/media\/5248"}],"wp:attachment":[{"href":"https:\/\/www.lafiracentrecomercial.com\/ca\/wp-json\/wp\/v2\/media?parent=5250"}],"wp:term":[{"taxonomy":"category","embeddable":true,"href":"https:\/\/www.lafiracentrecomercial.com\/ca\/wp-json\/wp\/v2\/categories?post=5250"},{"taxonomy":"post_tag","embeddable":true,"href":"https:\/\/www.lafiracentrecomercial.com\/ca\/wp-json\/wp\/v2\/tags?post=5250"}],"curies":[{"name":"wp","href":"https:\/\/api.w.org\/{rel}","templated":true}]}}