{"id":5321,"date":"2024-04-29T12:23:21","date_gmt":"2024-04-29T12:23:21","guid":{"rendered":"https:\/\/www.lafiracentrecomercial.com\/?p=5321"},"modified":"2024-04-29T12:23:21","modified_gmt":"2024-04-29T12:23:21","slug":"5-000-assistents-a-la-desena-edicio-del-tastet-de-ciencia-5321","status":"publish","type":"post","link":"https:\/\/www.lafiracentrecomercial.com\/ca\/5-000-assistents-a-la-desena-edicio-del-tastet-de-ciencia-5321\/","title":{"rendered":"5.000 assistents a la desena edici\u00f3 del &#8216;Tastet de Ci\u00e8ncia&#8217;"},"content":{"rendered":"\n<h5 class=\"wp-block-heading\"><\/h5>\n\n\n\n<div style=\"height:30px\" aria-hidden=\"true\" class=\"wp-block-spacer\"><\/div>\n\n\n\n<div style=\"height:30px\" aria-hidden=\"true\" class=\"wp-block-spacer\"><\/div>\n","protected":false},"excerpt":{"rendered":"<p>La Fira Centre Comercial xifra en 5.000 els assistents a la desena edici\u00f3 de l&#8217;esdeveniment escolar.<\/p>\n","protected":false},"author":2,"featured_media":5327,"comment_status":"closed","ping_status":"closed","sticky":false,"template":"","format":"standard","meta":{"footnotes":""},"categories":[],"tags":[],"class_list":["post-5321","post","type-post","status-publish","format-standard","has-post-thumbnail","hentry"],"featured_img_url":"https:\/\/www.lafiracentrecomercial.com\/wp-content\/uploads\/2024\/04\/Tastet-ciencia-resultado.webp","custom_meta":{"contentDirectorios":"","contentAux":"<div data-id=\"5321\" class=\"mfn-builder-content mfn-default-content-buider\"><section class=\"section mcb-section mfn-default-section mcb-section-zya15xmm4\"   style=\"\" ><div class=\"mcb-background-overlay\"><\/div><div class=\"section_wrapper mfn-wrapper-for-wraps mcb-section-inner mcb-section-inner-zya15xmm4\"><div  class=\"wrap mcb-wrap mcb-wrap-57fgysmgw one tablet-one laptop-one mobile-one vb-item clearfix\" data-desktop-col=\"one\" data-laptop-col=\"laptop-one\" data-tablet-col=\"tablet-one\" data-mobile-col=\"mobile-one\" style=\"\"   ><div class=\"mcb-wrap-inner mcb-wrap-inner-57fgysmgw mfn-module-wrapper mfn-wrapper-for-wraps\"  ><div class=\"mcb-wrap-background-overlay\"><\/div><div  class=\"column mcb-column mcb-item-b93pzwxr one laptop-one tablet-one mobile-one column_heading vb-item\" style=\"\" ><div class=\"mcb-column-inner mfn-module-wrapper mcb-column-inner-b93pzwxr mcb-item-heading-inner\"><h1 class=\"title\">5.000 assistents a la desena edici\u00f3 del 'Tastet de Ci\u00e8ncia'<\/h1><\/div><\/div><\/div><\/div><\/div><\/section><section class=\"section mcb-section mfn-default-section mcb-section-nclnlo4md\"   style=\"\" ><div class=\"mcb-background-overlay\"><\/div><div class=\"section_wrapper mfn-wrapper-for-wraps mcb-section-inner mcb-section-inner-nclnlo4md\"><div  class=\"wrap mcb-wrap mcb-wrap-n7wicxah five-sixth tablet-five-sixth laptop-five-sixth mobile-one vb-item clearfix\" data-desktop-col=\"five-sixth\" data-laptop-col=\"laptop-five-sixth\" data-tablet-col=\"tablet-five-sixth\" data-mobile-col=\"mobile-one\" style=\"\"   ><div class=\"mcb-wrap-inner mcb-wrap-inner-n7wicxah mfn-module-wrapper mfn-wrapper-for-wraps\"  ><div class=\"mcb-wrap-background-overlay\"><\/div><div  class=\"column mcb-column mcb-item-41rdl25ri three-fourth laptop-three-fourth tablet-three-fourth mobile-one column_divider_2 vb-item\" style=\"\" ><div class=\"mcb-column-inner mfn-module-wrapper mcb-column-inner-41rdl25ri mcb-item-divider_2-inner\"><div class=\"mfn-divider mfn-divider-center\"><div class=\"mfn-divider-inner\"><\/div><\/div>\n<\/div><\/div><div  class=\"column mcb-column mcb-item-omk6f3xvf one laptop-one tablet-one mobile-one column_column vb-item\" style=\"\" ><div class=\"mcb-column-inner mfn-module-wrapper mcb-column-inner-omk6f3xvf mcb-item-column-inner\"><div class=\"column_attr mfn-inline-editor clearfix\" style=\"\"><h3><strong>En la trobada han participat 18 centres educatius amb l'objectiu de fomentar la curiositat cient\u00edfica entre els m\u00e9s petits.<\/strong><\/h3>\n<h3><strong>La Fira Centre Comercial xifra en 5.000 els assistents a la desena edici\u00f3 de l'esdeveniment escolar.<\/strong><\/h3><\/div><\/div><\/div><div  class=\"column mcb-column mcb-item-83f6go2re one-second laptop-one-second tablet-one-second mobile-one column_image vb-item\" style=\"\" ><div class=\"mcb-column-inner mfn-module-wrapper mcb-column-inner-83f6go2re mcb-item-image-inner\"><div class=\"image_frame image_item no_link scale-with-grid element_classes alignnone no_border mfn-img-box\" ><div class=\"image_wrapper\"><img width=\"1932\" height=\"2560\" src=\"https:\/\/www.lafiracentrecomercial.com\/wp-content\/uploads\/2024\/04\/Tastet-02-1-scaled.webp\" class=\"scale-with-grid\" alt=\"tastet de ciencia\" style=\"\" decoding=\"async\" srcset=\"https:\/\/www.lafiracentrecomercial.com\/wp-content\/uploads\/2024\/04\/Tastet-02-1-scaled.webp 1932w, https:\/\/www.lafiracentrecomercial.com\/wp-content\/uploads\/2024\/04\/Tastet-02-1-377x500.webp 377w, https:\/\/www.lafiracentrecomercial.com\/wp-content\/uploads\/2024\/04\/Tastet-02-1-906x1200.webp 906w, https:\/\/www.lafiracentrecomercial.com\/wp-content\/uploads\/2024\/04\/Tastet-02-1-226x300.webp 226w, https:\/\/www.lafiracentrecomercial.com\/wp-content\/uploads\/2024\/04\/Tastet-02-1-768x1018.webp 768w, https:\/\/www.lafiracentrecomercial.com\/wp-content\/uploads\/2024\/04\/Tastet-02-1-1159x1536.webp 1159w, https:\/\/www.lafiracentrecomercial.com\/wp-content\/uploads\/2024\/04\/Tastet-02-1-1546x2048.webp 1546w, https:\/\/www.lafiracentrecomercial.com\/wp-content\/uploads\/2024\/04\/Tastet-02-1-57x75.webp 57w, https:\/\/www.lafiracentrecomercial.com\/wp-content\/uploads\/2024\/04\/Tastet-02-1-480x636.webp 480w\" sizes=\"(max-width:767px) 480px, (max-width:1932px) 100vw, 1932px\" \/><\/div><\/div>\n<\/div><\/div><div  class=\"column mcb-column mcb-item-t5zhv3n7 one-second laptop-one-second tablet-one-second mobile-one column_image vb-item\" style=\"\" ><div class=\"mcb-column-inner mfn-module-wrapper mcb-column-inner-t5zhv3n7 mcb-item-image-inner\"><div class=\"image_frame image_item no_link scale-with-grid element_classes alignnone no_border mfn-img-box\" ><div class=\"image_wrapper\"><img width=\"1932\" height=\"2560\" src=\"https:\/\/www.lafiracentrecomercial.com\/wp-content\/uploads\/2024\/04\/Tastet-01-scaled.webp\" class=\"scale-with-grid\" alt=\"TASTET DE CIENCIA\" style=\"\" decoding=\"async\" srcset=\"https:\/\/www.lafiracentrecomercial.com\/wp-content\/uploads\/2024\/04\/Tastet-01-scaled.webp 1932w, https:\/\/www.lafiracentrecomercial.com\/wp-content\/uploads\/2024\/04\/Tastet-01-377x500.webp 377w, https:\/\/www.lafiracentrecomercial.com\/wp-content\/uploads\/2024\/04\/Tastet-01-906x1200.webp 906w, https:\/\/www.lafiracentrecomercial.com\/wp-content\/uploads\/2024\/04\/Tastet-01-226x300.webp 226w, https:\/\/www.lafiracentrecomercial.com\/wp-content\/uploads\/2024\/04\/Tastet-01-768x1018.webp 768w, https:\/\/www.lafiracentrecomercial.com\/wp-content\/uploads\/2024\/04\/Tastet-01-1159x1536.webp 1159w, https:\/\/www.lafiracentrecomercial.com\/wp-content\/uploads\/2024\/04\/Tastet-01-1546x2048.webp 1546w, https:\/\/www.lafiracentrecomercial.com\/wp-content\/uploads\/2024\/04\/Tastet-01-57x75.webp 57w, https:\/\/www.lafiracentrecomercial.com\/wp-content\/uploads\/2024\/04\/Tastet-01-480x636.webp 480w\" sizes=\"(max-width:767px) 480px, (max-width:1932px) 100vw, 1932px\" \/><\/div><\/div>\n<\/div><\/div><div  class=\"column mcb-column mcb-item-zih5d0uae one laptop-one tablet-one mobile-one column_column vb-item\" style=\"\" ><div class=\"mcb-column-inner mfn-module-wrapper mcb-column-inner-zih5d0uae mcb-item-column-inner\"><div class=\"column_attr mfn-inline-editor clearfix\" style=\"\"><p style=\"font-weight: 400; text-align: justify;\"><strong>Reus, 29 d'abril de 2024.-<\/strong>El 'Tastet de Ci\u00e8ncia', un esdeveniment anual dedicat a fomentar la curiositat cient\u00edfica entre els m\u00e9s joves, ha celebrat la seva desena edici\u00f3 amb un rotund \u00e8xit, congregant 5.000 assistents a l'interior del Centre Comercial<a href=\"https:\/\/www.lafiracentrecomercial.com\/ca\/\"> La Fira.<\/a> Aquesta xifra r\u00e8cord reflecteix l'inter\u00e8s creixent del p\u00fablic per la ci\u00e8ncia i el coneixement.<\/p>\n<p style=\"text-align: justify;\">En aquesta ocasi\u00f3, l\u2019esdeveniment ha estat especialment significatiu en comptar amb la participaci\u00f3 d'alumnes de 18 centres educatius dels Serveis Territorials de Tarragona, els quals han presentat una \u00e0mplia gamma de treballs acad\u00e8mics en els camps cient\u00edfic, matem\u00e0tic i tecnol\u00f2gic. La pres\u00e8ncia de la Regidora d'Educaci\u00f3, Pilar L\u00f3pez Bastida, ressalta la import\u00e0ncia que les autoritats atorguen a la promoci\u00f3 de la ci\u00e8ncia en l'\u00e0mbit educatiu, qui a m\u00e9s va aprofitar per \"agrair la feina que realitzen pares i professors per promoure l'inter\u00e8s per la ci\u00e8ncia\".<\/p>\n<p style=\"text-align: justify;\">El 'Tastet de Ci\u00e8ncia' s'ha consolidat com un espai de divulgaci\u00f3 i aprenentatge, on tant estudiants com professors comparteixen les seves investigacions i coneixements amb el p\u00fablic assistent. A trav\u00e9s d'exposicions realitzades pels propis alumnes, els visitants han tingut l'oportunitat d'experimentar conceptes cient\u00edfics de manera pr\u00e0ctica i d'interactuar amb joves cient\u00edfics prometedors.<\/p>\n<p style=\"text-align: justify;\">\"Estem molt satisfets d'haver superat el repte log\u00edstic de traslladar el 'Tastet de Ci\u00e8ncia' a l'interior del centre comercial\", afirma Patricia Perugini, gerent del Centre Comercial La Fira. \"Aquest \u00e8xit \u00e9s un testimoni, no sols de la nostra capacitat de resposta a les necessitats de l\u2019entorn, sin\u00f3 del pacte social amb l'educaci\u00f3 i el desenvolupament de futurs talents\".<\/p>\n<p style=\"text-align: justify;\">Amb aquesta edici\u00f3, La Fira, Centre Comercial gestionat per <a href=\"https:\/\/www.socimisilicius.com\/\">SILICIUS<\/a>, la SOCIMI del Grup Mazabi especialitzada en la compra i gesti\u00f3 d'actius, acull per vuit\u00e8 any consecutiu aquesta iniciativa, reafirmant el seu comprom\u00eds amb l'educaci\u00f3 de qualitat i la reducci\u00f3 de les desigualtats, l'entorn i les entitats educatives.<\/p><\/div><\/div><\/div><\/div><\/div><div  class=\"wrap mcb-wrap mcb-wrap-6cpan9fzo one-second tablet-one-second laptop-one-second mobile-one vb-item clearfix\" data-desktop-col=\"one-second\" data-laptop-col=\"laptop-one-second\" data-tablet-col=\"tablet-one-second\" data-mobile-col=\"mobile-one\" style=\"\"   ><div class=\"mcb-wrap-inner mcb-wrap-inner-6cpan9fzo mfn-module-wrapper mfn-wrapper-for-wraps\"  ><div class=\"mcb-wrap-background-overlay\"><\/div><\/div><\/div><div  class=\"wrap mcb-wrap mcb-wrap-1f11nuaob divider   mobile-one vb-item clearfix\" data-desktop-col=\"divider\" data-laptop-col=\"\" data-tablet-col=\"\" data-mobile-col=\"mobile-one\" style=\"\"   ><div class=\"mcb-wrap-inner mcb-wrap-inner-1f11nuaob mfn-module-wrapper mfn-wrapper-for-wraps\"  ><div class=\"mcb-wrap-background-overlay\"><\/div><\/div><\/div><div  class=\"wrap mcb-wrap mcb-wrap-jxwweexfr divider   mobile-one vb-item clearfix\" data-desktop-col=\"divider\" data-laptop-col=\"\" data-tablet-col=\"\" data-mobile-col=\"mobile-one\" style=\"\"   ><div class=\"mcb-wrap-inner mcb-wrap-inner-jxwweexfr mfn-module-wrapper mfn-wrapper-for-wraps\"  ><div class=\"mcb-wrap-background-overlay\"><\/div><\/div><\/div><\/div><\/section><section class=\"section mcb-section mfn-default-section mcb-section-xya0k15k\"   style=\"\" ><div class=\"mcb-background-overlay\"><\/div><div class=\"section_wrapper mfn-wrapper-for-wraps mcb-section-inner mcb-section-inner-xya0k15k\"><\/div><\/section><section class=\"section mcb-section mfn-default-section mcb-section-og5fq3h4p\"   style=\"\" ><div class=\"mcb-background-overlay\"><\/div><div class=\"section_wrapper mfn-wrapper-for-wraps mcb-section-inner mcb-section-inner-og5fq3h4p\"><div  class=\"wrap mcb-wrap mcb-wrap-gf66ay6dq one tablet-one laptop-one mobile-one vb-item clearfix\" data-desktop-col=\"one\" data-laptop-col=\"laptop-one\" data-tablet-col=\"tablet-one\" data-mobile-col=\"mobile-one\" style=\"\"   ><div class=\"mcb-wrap-inner mcb-wrap-inner-gf66ay6dq mfn-module-wrapper mfn-wrapper-for-wraps\"  ><div class=\"mcb-wrap-background-overlay\"><\/div><div  class=\"column mcb-column mcb-item-7x4f9fqu one laptop-one tablet-one mobile-one column_button vb-item\" style=\"\" ><div class=\"mcb-column-inner mfn-module-wrapper mcb-column-inner-7x4f9fqu mcb-item-button-inner\"><a class=\"button  button_left button_size_1\" href=\"https:\/\/www.lafiracentrecomercial.com\/es\/actualidad-sin-filtros\/\"         title=\"\"><span class=\"button_icon\"><i class=\"icon-left-open\"  aria-hidden=\"true\"><\/i><\/span><span class=\"button_label\">Volver a Actualidad<\/span><\/a>\n<\/div><\/div><\/div><\/div><\/div><\/section><\/div>"},"publishpress_future_workflow_manual_trigger":{"enabledWorkflows":[]},"_links":{"self":[{"href":"https:\/\/www.lafiracentrecomercial.com\/ca\/wp-json\/wp\/v2\/posts\/5321","targetHints":{"allow":["GET"]}}],"collection":[{"href":"https:\/\/www.lafiracentrecomercial.com\/ca\/wp-json\/wp\/v2\/posts"}],"about":[{"href":"https:\/\/www.lafiracentrecomercial.com\/ca\/wp-json\/wp\/v2\/types\/post"}],"author":[{"embeddable":true,"href":"https:\/\/www.lafiracentrecomercial.com\/ca\/wp-json\/wp\/v2\/users\/2"}],"replies":[{"embeddable":true,"href":"https:\/\/www.lafiracentrecomercial.com\/ca\/wp-json\/wp\/v2\/comments?post=5321"}],"version-history":[{"count":2,"href":"https:\/\/www.lafiracentrecomercial.com\/ca\/wp-json\/wp\/v2\/posts\/5321\/revisions"}],"predecessor-version":[{"id":5329,"href":"https:\/\/www.lafiracentrecomercial.com\/ca\/wp-json\/wp\/v2\/posts\/5321\/revisions\/5329"}],"wp:featuredmedia":[{"embeddable":true,"href":"https:\/\/www.lafiracentrecomercial.com\/ca\/wp-json\/wp\/v2\/media\/5327"}],"wp:attachment":[{"href":"https:\/\/www.lafiracentrecomercial.com\/ca\/wp-json\/wp\/v2\/media?parent=5321"}],"wp:term":[{"taxonomy":"category","embeddable":true,"href":"https:\/\/www.lafiracentrecomercial.com\/ca\/wp-json\/wp\/v2\/categories?post=5321"},{"taxonomy":"post_tag","embeddable":true,"href":"https:\/\/www.lafiracentrecomercial.com\/ca\/wp-json\/wp\/v2\/tags?post=5321"}],"curies":[{"name":"wp","href":"https:\/\/api.w.org\/{rel}","templated":true}]}}