{"id":6117,"date":"2024-12-13T20:39:08","date_gmt":"2024-12-13T20:39:08","guid":{"rendered":"https:\/\/www.lafiracentrecomercial.com\/?p=6117"},"modified":"2025-04-10T16:40:17","modified_gmt":"2025-04-10T16:40:17","slug":"geek-atmosphere-cultura-pop","status":"publish","type":"post","link":"https:\/\/www.lafiracentrecomercial.com\/ca\/geek-atmosphere-cultura-pop\/","title":{"rendered":"La Fira inaugura Geek Atmosphere, el nou parad\u00eds per als fan\u00e0tics de la cultura pop"},"content":{"rendered":"\n<h5 class=\"wp-block-heading\"><\/h5>\n\n\n\n<div style=\"height:30px\" aria-hidden=\"true\" class=\"wp-block-spacer\"><\/div>\n\n\n\n<div style=\"height:30px\" aria-hidden=\"true\" class=\"wp-block-spacer\"><\/div>\n","protected":false},"excerpt":{"rendered":"<p>La botiga ofereix una \u00e0mplia gamma de productes llicenciats de les franqu\u00edcies m\u00e9s ic\u00f2niques del cinema i la cultura pop, com Harry Potter, Marvel, Star Wars i Disney.<\/p>\n","protected":false},"author":2,"featured_media":6137,"comment_status":"closed","ping_status":"closed","sticky":false,"template":"","format":"standard","meta":{"footnotes":""},"categories":[130],"tags":[],"class_list":["post-6117","post","type-post","status-publish","format-standard","has-post-thumbnail","hentry","category-botigues"],"featured_img_url":"https:\/\/www.lafiracentrecomercial.com\/wp-content\/uploads\/2024\/12\/Geek.webp","custom_meta":{"contentDirectorios":"","contentAux":"<div data-id=\"6117\" class=\"mfn-builder-content mfn-default-content-buider\"><section class=\"section mcb-section mfn-default-section mcb-section-zya15xmm4\"   style=\"\" ><div class=\"mcb-background-overlay\"><\/div><div class=\"section_wrapper mfn-wrapper-for-wraps mcb-section-inner mcb-section-inner-zya15xmm4\"><div  class=\"wrap mcb-wrap mcb-wrap-57fgysmgw one tablet-one laptop-one mobile-one vb-item clearfix\" data-desktop-col=\"one\" data-laptop-col=\"laptop-one\" data-tablet-col=\"tablet-one\" data-mobile-col=\"mobile-one\" style=\"\"   ><div class=\"mcb-wrap-inner mcb-wrap-inner-57fgysmgw mfn-module-wrapper mfn-wrapper-for-wraps\"  ><div class=\"mcb-wrap-background-overlay\"><\/div><div  class=\"column mcb-column mcb-item-b93pzwxr one laptop-one tablet-one mobile-one column_heading vb-item\" style=\"\" ><div class=\"mcb-column-inner mfn-module-wrapper mcb-column-inner-b93pzwxr mcb-item-heading-inner\"><h1 class=\"title\">La Fira inaugura Geek Atmosphere, el nou parad\u00eds per als fan\u00e0tics de la cultura pop<\/h1><\/div><\/div><\/div><\/div><\/div><\/section><section class=\"section mcb-section mfn-default-section mcb-section-nclnlo4md\"   style=\"\" ><div class=\"mcb-background-overlay\"><\/div><div class=\"section_wrapper mfn-wrapper-for-wraps mcb-section-inner mcb-section-inner-nclnlo4md\"><div  class=\"wrap mcb-wrap mcb-wrap-n7wicxah one tablet-one laptop-one mobile-one vb-item clearfix\" data-desktop-col=\"one\" data-laptop-col=\"laptop-one\" data-tablet-col=\"tablet-one\" data-mobile-col=\"mobile-one\" style=\"\"   ><div class=\"mcb-wrap-inner mcb-wrap-inner-n7wicxah mfn-module-wrapper mfn-wrapper-for-wraps\"  ><div class=\"mcb-wrap-background-overlay\"><\/div><div  class=\"column mcb-column mcb-item-41rdl25ri one laptop-one tablet-one mobile-one column_divider_2 vb-item\" style=\"\" ><div class=\"mcb-column-inner mfn-module-wrapper mcb-column-inner-41rdl25ri mcb-item-divider_2-inner\"><div class=\"mfn-divider mfn-divider-center\"><div class=\"mfn-divider-inner\"><\/div><\/div>\n<\/div><\/div><\/div><\/div><div  class=\"wrap mcb-wrap mcb-wrap-t76h8yas one tablet-one laptop-one mobile-one vb-item clearfix\" data-desktop-col=\"one\" data-laptop-col=\"laptop-one\" data-tablet-col=\"tablet-one\" data-mobile-col=\"mobile-one\" style=\"\"   ><div class=\"mcb-wrap-inner mcb-wrap-inner-t76h8yas mfn-module-wrapper mfn-wrapper-for-wraps\"  ><div class=\"mcb-wrap-background-overlay\"><\/div><div  class=\"column mcb-column mcb-item-2kgg0kqo one laptop-one tablet-one mobile-one column_column vb-item\" style=\"\" ><div class=\"mcb-column-inner mfn-module-wrapper mcb-column-inner-2kgg0kqo mcb-item-column-inner\"><div class=\"column_attr mfn-inline-editor clearfix\" style=\"\"><ul>\n<li>\n<h3><strong>La botiga ofereix una \u00e0mplia gamma de productes llicenciats de les franqu\u00edcies m\u00e9s ic\u00f2niques del cinema i la cultura pop, com Harry Potter, Marvel, Star Wars i Disney.<\/strong><\/h3>\n<\/li>\n<li>\n<h3><strong>El nou establiment compta amb 258 m\u00b2 i est\u00e0 situat a la planta baixa del Centre Comercial.<\/strong><\/h3>\n<\/li>\n<\/ul><\/div><\/div><\/div><div  class=\"column mcb-column mcb-item-gn9v2tqs one laptop-one tablet-one mobile-one column_column vb-item\" style=\"\" ><div class=\"mcb-column-inner mfn-module-wrapper mcb-column-inner-gn9v2tqs mcb-item-column-inner\"><div class=\"column_attr mfn-inline-editor clearfix\" style=\"\"><p>La Fira Centre Comercial de Reus amplia la seva oferta amb l\u2019arribada de <strong>Geek Atmosphere<\/strong>, una botiga de <strong>258 m\u00b2<\/strong> dedicada als amants del <strong>col\u00b7leccionisme i la cultura geek<\/strong>. Aquesta nova incorporaci\u00f3 \u00e9s una parada obligada per als fans de sagues llegend\u00e0ries com <strong>Harry Potter, Marvel, Star Wars i Disney<\/strong>, oferint una \u00e0mplia selecci\u00f3 de <strong>productes llicenciats i exclusius<\/strong>.<\/p>\n<h3>Una experi\u00e8ncia de compra \u00fanica per als fans<\/h3>\n<p>Situada a la <strong>planta baixa de La Fira Centre Comercial<\/strong>, Geek Atmosphere ofereix als visitants una experi\u00e8ncia \u00fanica amb una gran varietat de productes, que inclouen:<\/p>\n<ul data-spread=\"false\">\n<li>\n<p><strong>Figures de col\u00b7lecci\u00f3<\/strong><\/p>\n<\/li>\n<li>\n<p><strong>Roba i accessoris tem\u00e0tics<\/strong><\/p>\n<\/li>\n<li>\n<p><strong>Merchandising exclusiu de les sagues m\u00e9s populars<\/strong><\/p>\n<\/li>\n<\/ul>\n<p>Amb un <strong>disseny innovador<\/strong> i una proposta comercial atractiva, Geek Atmosphere es consolida com un referent per als <strong>fans de Reus i la seva \u00e0rea d\u2019influ\u00e8ncia<\/strong>.<\/p>\n<h3>Inauguraci\u00f3 i declaracions<\/h3>\n<p>La botiga s\u2019inaugura aquesta tarda, i amb la seva arribada, La Fira refor\u00e7a el seu comprom\u00eds d\u2019oferir <strong>noves experi\u00e8ncies de compra<\/strong> en l\u2019\u00e0mbit de la <strong>moda, l\u2019oci i l\u2019entreteniment<\/strong>, consolidant-se com un centre de refer\u00e8ncia a Tarragona.<\/p>\n<p><strong>Patricia Perugini, gerent de La Fira<\/strong>, ha declarat: <em>\"Geek Atmosphere enriqueix la nostra oferta comercial i refor\u00e7a el car\u00e0cter divers i innovador del centre. Aquesta botiga atraur\u00e0 els amants del col\u00b7leccionisme i la cultura pop oferint-los un espai \u00fanic\"<\/em>.<\/p>\n<p>Per la seva banda, <strong>Jos\u00e9 Franch, director i cofundador de Geek Atmosphere<\/strong>, ha afegit: <em>\"Estem molt emocionats d\u2019obrir a La Fira, un espai perfecte per connectar amb els apassionats de la cultura geek. La nostra meta \u00e9s oferir productes exclusius i experi\u00e8ncies que captivin els nostres clients\"<\/em>.<\/p>\n<h3>La Fira: el millor dest\u00ed per a la cultura geek<\/h3>\n<p>Amb l\u2019arribada de Geek Atmosphere, <strong>La Fira Centre Comercial continua posicionant-se com el millor dest\u00ed d\u2019oci i cultura geek a Reus<\/strong>. Si ets fan del col\u00b7leccionisme i de les grans sagues del cinema i el c\u00f2mic, no et perdis aquesta nova incorporaci\u00f3!<\/p>\n<p><strong>Vine a descobrir Geek Atmosphere a La Fira Centre Comercial i viu l\u2019experi\u00e8ncia geek com mai abans!<\/strong><\/p><\/div><\/div><\/div><div  class=\"column mcb-column mcb-item-83f6go2re one laptop-one tablet-one mobile-one column_image vb-item\" style=\"\" ><div class=\"mcb-column-inner mfn-module-wrapper mcb-column-inner-83f6go2re mcb-item-image-inner\"><div class=\"image_frame image_item no_link scale-with-grid element_classes alignnone stretch no_border mfn-img-box\" ><div class=\"image_wrapper\"><img width=\"800\" height=\"480\" src=\"https:\/\/www.lafiracentrecomercial.com\/wp-content\/uploads\/2024\/12\/geek-01.jpeg\" class=\"scale-with-grid\" alt=\"geek\" style=\"\" decoding=\"async\" srcset=\"https:\/\/www.lafiracentrecomercial.com\/wp-content\/uploads\/2024\/12\/geek-01.jpeg 800w, https:\/\/www.lafiracentrecomercial.com\/wp-content\/uploads\/2024\/12\/geek-01-500x300.jpeg 500w, https:\/\/www.lafiracentrecomercial.com\/wp-content\/uploads\/2024\/12\/geek-01-300x180.jpeg 300w, https:\/\/www.lafiracentrecomercial.com\/wp-content\/uploads\/2024\/12\/geek-01-768x461.jpeg 768w, https:\/\/www.lafiracentrecomercial.com\/wp-content\/uploads\/2024\/12\/geek-01-125x75.jpeg 125w, https:\/\/www.lafiracentrecomercial.com\/wp-content\/uploads\/2024\/12\/geek-01-480x288.jpeg 480w\" sizes=\"(max-width:767px) 480px, (max-width:800px) 100vw, 800px\" \/><\/div><\/div>\n<\/div><\/div><\/div><\/div><div  class=\"wrap mcb-wrap mcb-wrap-6cpan9fzo one-second tablet-one-second laptop-one-second mobile-one vb-item clearfix\" data-desktop-col=\"one-second\" data-laptop-col=\"laptop-one-second\" data-tablet-col=\"tablet-one-second\" data-mobile-col=\"mobile-one\" style=\"\"   ><div class=\"mcb-wrap-inner mcb-wrap-inner-6cpan9fzo mfn-module-wrapper mfn-wrapper-for-wraps\"  ><div class=\"mcb-wrap-background-overlay\"><\/div><\/div><\/div><div  class=\"wrap mcb-wrap mcb-wrap-1f11nuaob divider   mobile-one vb-item clearfix\" data-desktop-col=\"divider\" data-laptop-col=\"\" data-tablet-col=\"\" data-mobile-col=\"mobile-one\" style=\"\"   ><div class=\"mcb-wrap-inner mcb-wrap-inner-1f11nuaob mfn-module-wrapper mfn-wrapper-for-wraps\"  ><div class=\"mcb-wrap-background-overlay\"><\/div><\/div><\/div><div  class=\"wrap mcb-wrap mcb-wrap-jxwweexfr divider   mobile-one vb-item clearfix\" data-desktop-col=\"divider\" data-laptop-col=\"\" data-tablet-col=\"\" data-mobile-col=\"mobile-one\" style=\"\"   ><div class=\"mcb-wrap-inner mcb-wrap-inner-jxwweexfr mfn-module-wrapper mfn-wrapper-for-wraps\"  ><div class=\"mcb-wrap-background-overlay\"><\/div><\/div><\/div><\/div><\/section><section class=\"section mcb-section mfn-default-section mcb-section-xya0k15k\"   style=\"\" ><div class=\"mcb-background-overlay\"><\/div><div class=\"section_wrapper mfn-wrapper-for-wraps mcb-section-inner mcb-section-inner-xya0k15k\"><div  class=\"wrap mcb-wrap mcb-wrap-8wxqoc7gp one-second tablet-one-second laptop-one-second mobile-one vb-item clearfix\" data-desktop-col=\"one-second\" data-laptop-col=\"laptop-one-second\" data-tablet-col=\"tablet-one-second\" data-mobile-col=\"mobile-one\" style=\"\"   ><div class=\"mcb-wrap-inner mcb-wrap-inner-8wxqoc7gp mfn-module-wrapper mfn-wrapper-for-wraps\"  ><div class=\"mcb-wrap-background-overlay\"><\/div><\/div><\/div><\/div><\/section><section class=\"section mcb-section mfn-default-section mcb-section-og5fq3h4p\"   style=\"\" ><div class=\"mcb-background-overlay\"><\/div><div class=\"section_wrapper mfn-wrapper-for-wraps mcb-section-inner mcb-section-inner-og5fq3h4p\"><div  class=\"wrap mcb-wrap mcb-wrap-gf66ay6dq one tablet-one laptop-one mobile-one vb-item clearfix\" data-desktop-col=\"one\" data-laptop-col=\"laptop-one\" data-tablet-col=\"tablet-one\" data-mobile-col=\"mobile-one\" style=\"\"   ><div class=\"mcb-wrap-inner mcb-wrap-inner-gf66ay6dq mfn-module-wrapper mfn-wrapper-for-wraps\"  ><div class=\"mcb-wrap-background-overlay\"><\/div><div  class=\"column mcb-column mcb-item-7x4f9fqu one laptop-one tablet-one mobile-one column_button vb-item\" style=\"\" ><div class=\"mcb-column-inner mfn-module-wrapper mcb-column-inner-7x4f9fqu mcb-item-button-inner\"><a class=\"button  button_left button_size_1\" href=\"https:\/\/www.lafiracentrecomercial.com\/es\/actualidad-sin-filtros\/\"         title=\"\"><span class=\"button_icon\"><i class=\"icon-left-open\"  aria-hidden=\"true\"><\/i><\/span><span class=\"button_label\">Volver a Actualidad<\/span><\/a>\n<\/div><\/div><\/div><\/div><\/div><\/section><\/div>"},"publishpress_future_workflow_manual_trigger":{"enabledWorkflows":[]},"_links":{"self":[{"href":"https:\/\/www.lafiracentrecomercial.com\/ca\/wp-json\/wp\/v2\/posts\/6117","targetHints":{"allow":["GET"]}}],"collection":[{"href":"https:\/\/www.lafiracentrecomercial.com\/ca\/wp-json\/wp\/v2\/posts"}],"about":[{"href":"https:\/\/www.lafiracentrecomercial.com\/ca\/wp-json\/wp\/v2\/types\/post"}],"author":[{"embeddable":true,"href":"https:\/\/www.lafiracentrecomercial.com\/ca\/wp-json\/wp\/v2\/users\/2"}],"replies":[{"embeddable":true,"href":"https:\/\/www.lafiracentrecomercial.com\/ca\/wp-json\/wp\/v2\/comments?post=6117"}],"version-history":[{"count":3,"href":"https:\/\/www.lafiracentrecomercial.com\/ca\/wp-json\/wp\/v2\/posts\/6117\/revisions"}],"predecessor-version":[{"id":6133,"href":"https:\/\/www.lafiracentrecomercial.com\/ca\/wp-json\/wp\/v2\/posts\/6117\/revisions\/6133"}],"wp:featuredmedia":[{"embeddable":true,"href":"https:\/\/www.lafiracentrecomercial.com\/ca\/wp-json\/wp\/v2\/media\/6137"}],"wp:attachment":[{"href":"https:\/\/www.lafiracentrecomercial.com\/ca\/wp-json\/wp\/v2\/media?parent=6117"}],"wp:term":[{"taxonomy":"category","embeddable":true,"href":"https:\/\/www.lafiracentrecomercial.com\/ca\/wp-json\/wp\/v2\/categories?post=6117"},{"taxonomy":"post_tag","embeddable":true,"href":"https:\/\/www.lafiracentrecomercial.com\/ca\/wp-json\/wp\/v2\/tags?post=6117"}],"curies":[{"name":"wp","href":"https:\/\/api.w.org\/{rel}","templated":true}]}}