{"id":6544,"date":"2025-03-19T09:23:30","date_gmt":"2025-03-19T09:23:30","guid":{"rendered":"https:\/\/www.lafiracentrecomercial.com\/?p=6544"},"modified":"2025-03-19T09:36:34","modified_gmt":"2025-03-19T09:36:34","slug":"mes-de-les-mascotes-a-la-fira-adopta-col%c2%b7labora-i-gaudeix-6544","status":"publish","type":"post","link":"https:\/\/www.lafiracentrecomercial.com\/ca\/mes-de-les-mascotes-a-la-fira-adopta-col%c2%b7labora-i-gaudeix-6544\/","title":{"rendered":"Mes de les Mascotes a La Fira: Adopta, Col\u00b7labora i Gaudeix"},"content":{"rendered":"\n<h5 class=\"wp-block-heading\"><\/h5>\n\n\n\n<div style=\"height:30px\" aria-hidden=\"true\" class=\"wp-block-spacer\"><\/div>\n\n\n\n<div style=\"height:30px\" aria-hidden=\"true\" class=\"wp-block-spacer\"><\/div>\n","protected":false},"excerpt":{"rendered":"<p>El mes de mar\u00e7 \u00e9s el mes de les mascotes a La Fira Centre Comercial, i volem celebrar-ho amb tu amb un esdeveniment solidari ple d\u2019activitats, protectores i oportunitats per con\u00e8ixer els animals que busquen una llar. <\/p>\n","protected":false},"author":2,"featured_media":6535,"comment_status":"closed","ping_status":"closed","sticky":false,"template":"","format":"standard","meta":{"footnotes":""},"categories":[],"tags":[],"class_list":["post-6544","post","type-post","status-publish","format-standard","has-post-thumbnail","hentry"],"featured_img_url":"https:\/\/www.lafiracentrecomercial.com\/wp-content\/uploads\/2025\/03\/ANIMAL-DAY-WEB-640X348-copia.webp","custom_meta":{"contentDirectorios":"","contentAux":"<div data-id=\"6544\" class=\"mfn-builder-content mfn-default-content-buider\"><section class=\"section mcb-section mfn-default-section mcb-section-zya15xmm4\"   style=\"\" ><div class=\"mcb-background-overlay\"><\/div><div class=\"section_wrapper mfn-wrapper-for-wraps mcb-section-inner mcb-section-inner-zya15xmm4\"><div  class=\"wrap mcb-wrap mcb-wrap-57fgysmgw one tablet-one laptop-one mobile-one vb-item clearfix\" data-desktop-col=\"one\" data-laptop-col=\"laptop-one\" data-tablet-col=\"tablet-one\" data-mobile-col=\"mobile-one\" style=\"\"   ><div class=\"mcb-wrap-inner mcb-wrap-inner-57fgysmgw mfn-module-wrapper mfn-wrapper-for-wraps\"  ><div class=\"mcb-wrap-background-overlay\"><\/div><div  class=\"column mcb-column mcb-item-b93pzwxr one laptop-one tablet-one mobile-one column_heading vb-item\" style=\"\" ><div class=\"mcb-column-inner mfn-module-wrapper mcb-column-inner-b93pzwxr mcb-item-heading-inner\"><h1 class=\"title\">Mes de les Mascotes a La Fira: Adopta, Col\u00b7labora i Gaudeix<\/h1><\/div><\/div><\/div><\/div><\/div><\/section><section class=\"section mcb-section mfn-default-section mcb-section-nclnlo4md\"   style=\"\" ><div class=\"mcb-background-overlay\"><\/div><div class=\"section_wrapper mfn-wrapper-for-wraps mcb-section-inner mcb-section-inner-nclnlo4md\"><div  class=\"wrap mcb-wrap mcb-wrap-n7wicxah one tablet-one laptop-one mobile-one vb-item clearfix\" data-desktop-col=\"one\" data-laptop-col=\"laptop-one\" data-tablet-col=\"tablet-one\" data-mobile-col=\"mobile-one\" style=\"\"   ><div class=\"mcb-wrap-inner mcb-wrap-inner-n7wicxah mfn-module-wrapper mfn-wrapper-for-wraps\"  ><div class=\"mcb-wrap-background-overlay\"><\/div><div  class=\"column mcb-column mcb-item-41rdl25ri one laptop-one tablet-one mobile-one column_divider_2 vb-item\" style=\"\" ><div class=\"mcb-column-inner mfn-module-wrapper mcb-column-inner-41rdl25ri mcb-item-divider_2-inner\"><div class=\"mfn-divider mfn-divider-center\"><div class=\"mfn-divider-inner\"><\/div><\/div>\n<\/div><\/div><\/div><\/div><div  class=\"wrap mcb-wrap mcb-wrap-t76h8yas one tablet-one laptop-one mobile-one vb-item clearfix\" data-desktop-col=\"one\" data-laptop-col=\"laptop-one\" data-tablet-col=\"tablet-one\" data-mobile-col=\"mobile-one\" style=\"\"   ><div class=\"mcb-wrap-inner mcb-wrap-inner-t76h8yas mfn-module-wrapper mfn-wrapper-for-wraps\"  ><div class=\"mcb-wrap-background-overlay\"><\/div><div  class=\"column mcb-column mcb-item-gn9v2tqs one laptop-one tablet-one mobile-one column_column vb-item\" style=\"\" ><div class=\"mcb-column-inner mfn-module-wrapper mcb-column-inner-gn9v2tqs mcb-item-column-inner\"><div class=\"column_attr mfn-inline-editor clearfix\" style=\"\"><h3 style=\"font-weight: 400;\">El mes de mar\u00e7 \u00e9s el mes de les mascotes a La Fira Centre Comercial, i volem celebrar-ho amb tu amb un esdeveniment solidari ple d\u2019activitats, protectores i oportunitats per con\u00e8ixer els animals que busquen una llar. Si ets amant dels animals o est\u00e0s pensant en adoptar, no et pots perdre tot el que hem preparat.<\/h3><\/div><\/div><\/div><div  class=\"column mcb-column mcb-item-83f6go2re one laptop-one tablet-one mobile-one column_image vb-item\" style=\"\" ><div class=\"mcb-column-inner mfn-module-wrapper mcb-column-inner-83f6go2re mcb-item-image-inner\"><div class=\"image_frame image_item no_link scale-with-grid element_classes alignnone stretch no_border mfn-img-box\" ><div class=\"image_wrapper\"><img width=\"1921\" height=\"1080\" src=\"https:\/\/www.lafiracentrecomercial.com\/wp-content\/uploads\/2025\/03\/ANIMAL-DAY-2025-LA-FIRA-LA-FIRA_Agenda-1920x1080-1.webp\" class=\"scale-with-grid\" alt=\"\" style=\"\" decoding=\"async\" srcset=\"https:\/\/www.lafiracentrecomercial.com\/wp-content\/uploads\/2025\/03\/ANIMAL-DAY-2025-LA-FIRA-LA-FIRA_Agenda-1920x1080-1.webp 1921w, https:\/\/www.lafiracentrecomercial.com\/wp-content\/uploads\/2025\/03\/ANIMAL-DAY-2025-LA-FIRA-LA-FIRA_Agenda-1920x1080-1-500x281.webp 500w, https:\/\/www.lafiracentrecomercial.com\/wp-content\/uploads\/2025\/03\/ANIMAL-DAY-2025-LA-FIRA-LA-FIRA_Agenda-1920x1080-1-1200x675.webp 1200w, https:\/\/www.lafiracentrecomercial.com\/wp-content\/uploads\/2025\/03\/ANIMAL-DAY-2025-LA-FIRA-LA-FIRA_Agenda-1920x1080-1-300x169.webp 300w, https:\/\/www.lafiracentrecomercial.com\/wp-content\/uploads\/2025\/03\/ANIMAL-DAY-2025-LA-FIRA-LA-FIRA_Agenda-1920x1080-1-768x432.webp 768w, https:\/\/www.lafiracentrecomercial.com\/wp-content\/uploads\/2025\/03\/ANIMAL-DAY-2025-LA-FIRA-LA-FIRA_Agenda-1920x1080-1-1536x864.webp 1536w, https:\/\/www.lafiracentrecomercial.com\/wp-content\/uploads\/2025\/03\/ANIMAL-DAY-2025-LA-FIRA-LA-FIRA_Agenda-1920x1080-1-133x75.webp 133w, https:\/\/www.lafiracentrecomercial.com\/wp-content\/uploads\/2025\/03\/ANIMAL-DAY-2025-LA-FIRA-LA-FIRA_Agenda-1920x1080-1-480x270.webp 480w\" sizes=\"(max-width:767px) 480px, (max-width:1921px) 100vw, 1921px\" \/><\/div><\/div>\n<\/div><\/div><div  class=\"column mcb-column mcb-item-tfd1z5yd9 one laptop-one tablet-one mobile-one column_column vb-item\" style=\"\" ><div class=\"mcb-column-inner mfn-module-wrapper mcb-column-inner-tfd1z5yd9 mcb-item-column-inner\"><div class=\"column_attr mfn-inline-editor clearfix\" style=\"\"><h4 style=\"font-weight: 400;\"><strong>A la recerca d\u2019una familia!<\/strong><\/h4>\n<p style=\"font-weight: 400;\">Durant tot el mes, diferents protectores seran presents a La Fira Centre Comercial perqu\u00e8 puguis con\u00e8ixer els animals en adopci\u00f3 i descobrir els projectes que treballen pel seu benestar. A m\u00e9s, podr\u00e0s col\u00b7laborar comprant productes solidaris als seus estands.<\/p>\n<h4 style=\"font-weight: 400;\"><strong>Sorteig especial: guanya premis per a la teva mascota<\/strong><\/h4>\n<p style=\"font-weight: 400;\">Per cada compra als estands solidaris, aconseguir\u00e0s participacions per al sorteig de tres lots de productes de Kiwoko, que se celebrar\u00e0 el 29 de mar\u00e7.<\/p>\n<p style=\"font-weight: 400;\">Animal Day 5: Jornada d\u2019Acollida i Adopci\u00f3<\/p>\n<p style=\"font-weight: 400;\">El 29 de mar\u00e7 ser\u00e0 el dia clau de l\u2019esdeveniment, amb activitats per a tota la fam\u00edlia:<\/p>\n<p style=\"font-weight: 400;\">12:00 - Tallers infantils perqu\u00e8 els m\u00e9s petits aprenguin sobre la cura dels animals.<\/p>\n<p style=\"font-weight: 400;\">16:30 - Taller de ensinistrament amb V\u00edctor Torres, on descobrir\u00e0s t\u00e8cniques per educar la teva mascota.<\/p>\n<p style=\"font-weight: 400;\">17:30 - Gran Desfilada Canina a la segona planta, on gossos en adopci\u00f3 desfilaran a la recerca d\u2019una fam\u00edlia.<\/p>\n<p style=\"font-weight: 400;\">Si t\u2019apuntes a la desfilada amb la teva mascota, entrar\u00e0s en el sorteig d\u2019un sac de pinso de tres quilos.<\/p>\n<h4 style=\"font-weight: 400;\"><strong>Vine a La Fira i ajuda a canviar vides<\/strong><\/h4>\n<p style=\"font-weight: 400;\">Si est\u00e0s buscant adoptar o simplement vols gaudir d\u2019un dia envoltat d\u2019animals, vine a La Fira Centre Comercial i forma part d\u2019aquesta iniciativa solid\u00e0ria.<\/p>\n<p style=\"font-weight: 400;\">\u00a0<\/p>\n<p style=\"font-weight: 400;\">T\u2019esperem a La Fira, on els peluts tenen una oportunitat per trobar la seva llar.<\/p><\/div><\/div><\/div><\/div><\/div><div  class=\"wrap mcb-wrap mcb-wrap-6cpan9fzo one-second tablet-one-second laptop-one-second mobile-one vb-item clearfix\" data-desktop-col=\"one-second\" data-laptop-col=\"laptop-one-second\" data-tablet-col=\"tablet-one-second\" data-mobile-col=\"mobile-one\" style=\"\"   ><div class=\"mcb-wrap-inner mcb-wrap-inner-6cpan9fzo mfn-module-wrapper mfn-wrapper-for-wraps\"  ><div class=\"mcb-wrap-background-overlay\"><\/div><\/div><\/div><div  class=\"wrap mcb-wrap mcb-wrap-1f11nuaob divider   mobile-one vb-item clearfix\" data-desktop-col=\"divider\" data-laptop-col=\"\" data-tablet-col=\"\" data-mobile-col=\"mobile-one\" style=\"\"   ><div class=\"mcb-wrap-inner mcb-wrap-inner-1f11nuaob mfn-module-wrapper mfn-wrapper-for-wraps\"  ><div class=\"mcb-wrap-background-overlay\"><\/div><\/div><\/div><div  class=\"wrap mcb-wrap mcb-wrap-jxwweexfr divider   mobile-one vb-item clearfix\" data-desktop-col=\"divider\" data-laptop-col=\"\" data-tablet-col=\"\" data-mobile-col=\"mobile-one\" style=\"\"   ><div class=\"mcb-wrap-inner mcb-wrap-inner-jxwweexfr mfn-module-wrapper mfn-wrapper-for-wraps\"  ><div class=\"mcb-wrap-background-overlay\"><\/div><\/div><\/div><\/div><\/section><section class=\"section mcb-section mfn-default-section mcb-section-xya0k15k\"   style=\"\" ><div class=\"mcb-background-overlay\"><\/div><div class=\"section_wrapper mfn-wrapper-for-wraps mcb-section-inner mcb-section-inner-xya0k15k\"><div  class=\"wrap mcb-wrap mcb-wrap-8wxqoc7gp one-second tablet-one-second laptop-one-second mobile-one vb-item clearfix\" data-desktop-col=\"one-second\" data-laptop-col=\"laptop-one-second\" data-tablet-col=\"tablet-one-second\" data-mobile-col=\"mobile-one\" style=\"\"   ><div class=\"mcb-wrap-inner mcb-wrap-inner-8wxqoc7gp mfn-module-wrapper mfn-wrapper-for-wraps\"  ><div class=\"mcb-wrap-background-overlay\"><\/div><\/div><\/div><\/div><\/section><section class=\"section mcb-section mfn-default-section mcb-section-og5fq3h4p\"   style=\"\" ><div class=\"mcb-background-overlay\"><\/div><div class=\"section_wrapper mfn-wrapper-for-wraps mcb-section-inner mcb-section-inner-og5fq3h4p\"><div  class=\"wrap mcb-wrap mcb-wrap-gf66ay6dq one tablet-one laptop-one mobile-one vb-item clearfix\" data-desktop-col=\"one\" data-laptop-col=\"laptop-one\" data-tablet-col=\"tablet-one\" data-mobile-col=\"mobile-one\" style=\"\"   ><div class=\"mcb-wrap-inner mcb-wrap-inner-gf66ay6dq mfn-module-wrapper mfn-wrapper-for-wraps\"  ><div class=\"mcb-wrap-background-overlay\"><\/div><div  class=\"column mcb-column mcb-item-7x4f9fqu one laptop-one tablet-one mobile-one column_button vb-item\" style=\"\" ><div class=\"mcb-column-inner mfn-module-wrapper mcb-column-inner-7x4f9fqu mcb-item-button-inner\"><a class=\"button  button_left button_size_1\" href=\"https:\/\/www.lafiracentrecomercial.com\/es\/actualidad-sin-filtros\/\"         title=\"\"><span class=\"button_icon\"><i class=\"icon-left-open\"  aria-hidden=\"true\"><\/i><\/span><span class=\"button_label\">Volver a Actualidad<\/span><\/a>\n<\/div><\/div><\/div><\/div><\/div><\/section><\/div>"},"publishpress_future_workflow_manual_trigger":{"enabledWorkflows":[]},"_links":{"self":[{"href":"https:\/\/www.lafiracentrecomercial.com\/ca\/wp-json\/wp\/v2\/posts\/6544","targetHints":{"allow":["GET"]}}],"collection":[{"href":"https:\/\/www.lafiracentrecomercial.com\/ca\/wp-json\/wp\/v2\/posts"}],"about":[{"href":"https:\/\/www.lafiracentrecomercial.com\/ca\/wp-json\/wp\/v2\/types\/post"}],"author":[{"embeddable":true,"href":"https:\/\/www.lafiracentrecomercial.com\/ca\/wp-json\/wp\/v2\/users\/2"}],"replies":[{"embeddable":true,"href":"https:\/\/www.lafiracentrecomercial.com\/ca\/wp-json\/wp\/v2\/comments?post=6544"}],"version-history":[{"count":2,"href":"https:\/\/www.lafiracentrecomercial.com\/ca\/wp-json\/wp\/v2\/posts\/6544\/revisions"}],"predecessor-version":[{"id":6546,"href":"https:\/\/www.lafiracentrecomercial.com\/ca\/wp-json\/wp\/v2\/posts\/6544\/revisions\/6546"}],"wp:featuredmedia":[{"embeddable":true,"href":"https:\/\/www.lafiracentrecomercial.com\/ca\/wp-json\/wp\/v2\/media\/6535"}],"wp:attachment":[{"href":"https:\/\/www.lafiracentrecomercial.com\/ca\/wp-json\/wp\/v2\/media?parent=6544"}],"wp:term":[{"taxonomy":"category","embeddable":true,"href":"https:\/\/www.lafiracentrecomercial.com\/ca\/wp-json\/wp\/v2\/categories?post=6544"},{"taxonomy":"post_tag","embeddable":true,"href":"https:\/\/www.lafiracentrecomercial.com\/ca\/wp-json\/wp\/v2\/tags?post=6544"}],"curies":[{"name":"wp","href":"https:\/\/api.w.org\/{rel}","templated":true}]}}