{"id":6568,"date":"2025-03-22T10:51:19","date_gmt":"2025-03-22T10:51:19","guid":{"rendered":"https:\/\/www.lafiracentrecomercial.com\/?p=6568"},"modified":"2025-04-10T16:49:20","modified_gmt":"2025-04-10T16:49:20","slug":"la-fira-apaga-lhora-del-planeta","status":"publish","type":"post","link":"https:\/\/www.lafiracentrecomercial.com\/ca\/la-fira-apaga-lhora-del-planeta\/","title":{"rendered":"La Fira Centre Comercial s\u2019uneix a L\u2019Hora del Planeta"},"content":{"rendered":"\n<h5 class=\"wp-block-heading\"><\/h5>\n\n\n\n<div style=\"height:30px\" aria-hidden=\"true\" class=\"wp-block-spacer\"><\/div>\n\n\n\n<div style=\"height:30px\" aria-hidden=\"true\" class=\"wp-block-spacer\"><\/div>\n\n\n\n<p><\/p>\n","protected":false},"excerpt":{"rendered":"<p>Aquesta ser\u00e0 la novena vegada consecutiva que La Fira participa en la iniciativa amb un \u2018apagat\u2019 per un futur m\u00e9s sostenible.<\/p>\n","protected":false},"author":2,"featured_media":6570,"comment_status":"closed","ping_status":"closed","sticky":false,"template":"","format":"standard","meta":{"footnotes":""},"categories":[134,133],"tags":[136],"class_list":["post-6568","post","type-post","status-publish","format-standard","has-post-thumbnail","hentry","category-rsc","category-events","tag-rsc"],"featured_img_url":"https:\/\/www.lafiracentrecomercial.com\/wp-content\/uploads\/2025\/03\/Hora_Planeta_2025.webp","custom_meta":{"contentDirectorios":"","contentAux":"<div data-id=\"6568\" class=\"mfn-builder-content mfn-default-content-buider\"><section class=\"section mcb-section mfn-default-section mcb-section-zya15xmm4\"   style=\"\" ><div class=\"mcb-background-overlay\"><\/div><div class=\"section_wrapper mfn-wrapper-for-wraps mcb-section-inner mcb-section-inner-zya15xmm4\"><div  class=\"wrap mcb-wrap mcb-wrap-57fgysmgw one tablet-one laptop-one mobile-one vb-item clearfix\" data-desktop-col=\"one\" data-laptop-col=\"laptop-one\" data-tablet-col=\"tablet-one\" data-mobile-col=\"mobile-one\" style=\"\"   ><div class=\"mcb-wrap-inner mcb-wrap-inner-57fgysmgw mfn-module-wrapper mfn-wrapper-for-wraps\"  ><div class=\"mcb-wrap-background-overlay\"><\/div><div  class=\"column mcb-column mcb-item-b93pzwxr one laptop-one tablet-one mobile-one column_heading vb-item\" style=\"\" ><div class=\"mcb-column-inner mfn-module-wrapper mcb-column-inner-b93pzwxr mcb-item-heading-inner\"><h1 class=\"title\">La Fira Centre Comercial s\u2019uneix a L\u2019Hora del Planeta<\/h1><\/div><\/div><\/div><\/div><\/div><\/section><section class=\"section mcb-section mfn-default-section mcb-section-nclnlo4md\"   style=\"\" ><div class=\"mcb-background-overlay\"><\/div><div class=\"section_wrapper mfn-wrapper-for-wraps mcb-section-inner mcb-section-inner-nclnlo4md\"><div  class=\"wrap mcb-wrap mcb-wrap-n7wicxah one tablet-one laptop-one mobile-one vb-item clearfix\" data-desktop-col=\"one\" data-laptop-col=\"laptop-one\" data-tablet-col=\"tablet-one\" data-mobile-col=\"mobile-one\" style=\"\"   ><div class=\"mcb-wrap-inner mcb-wrap-inner-n7wicxah mfn-module-wrapper mfn-wrapper-for-wraps\"  ><div class=\"mcb-wrap-background-overlay\"><\/div><div  class=\"column mcb-column mcb-item-41rdl25ri one laptop-one tablet-one mobile-one column_divider_2 vb-item\" style=\"\" ><div class=\"mcb-column-inner mfn-module-wrapper mcb-column-inner-41rdl25ri mcb-item-divider_2-inner\"><div class=\"mfn-divider mfn-divider-center\"><div class=\"mfn-divider-inner\"><\/div><\/div>\n<\/div><\/div><\/div><\/div><div  class=\"wrap mcb-wrap mcb-wrap-t76h8yas one tablet-one laptop-one mobile-one vb-item clearfix\" data-desktop-col=\"one\" data-laptop-col=\"laptop-one\" data-tablet-col=\"tablet-one\" data-mobile-col=\"mobile-one\" style=\"\"   ><div class=\"mcb-wrap-inner mcb-wrap-inner-t76h8yas mfn-module-wrapper mfn-wrapper-for-wraps\"  ><div class=\"mcb-wrap-background-overlay\"><\/div><div  class=\"column mcb-column mcb-item-gn9v2tqs one laptop-one tablet-one mobile-one column_column vb-item\" style=\"\" ><div class=\"mcb-column-inner mfn-module-wrapper mcb-column-inner-gn9v2tqs mcb-item-column-inner\"><div class=\"column_attr mfn-inline-editor clearfix\" style=\"\"><ul>\n<li>\n<h3><strong>Aquesta ser\u00e0 la novena vegada consecutiva que La Fira participa en la iniciativa amb un \u2018apagat\u2019 per un futur m\u00e9s sostenible, demostrant el seu comprom\u00eds amb la protecci\u00f3 del medi ambient.<\/strong><\/h3>\n<\/li>\n<li>\n<h3><strong>Els llums s\u2019apagaran durant una hora, de 20.00 hores a 21.00 hores, en algunes zones del centre comercial.<\/strong><\/h3>\n<\/li>\n<\/ul><\/div><\/div><\/div><div  class=\"column mcb-column mcb-item-83f6go2re one laptop-one tablet-one mobile-one column_image vb-item\" style=\"\" ><div class=\"mcb-column-inner mfn-module-wrapper mcb-column-inner-83f6go2re mcb-item-image-inner\"><div class=\"image_frame image_item no_link scale-with-grid element_classes alignnone stretch no_border mfn-img-box\" ><div class=\"image_wrapper\"><img width=\"1920\" height=\"1280\" src=\"https:\/\/www.lafiracentrecomercial.com\/wp-content\/uploads\/2025\/03\/Hora_planeta.webp\" class=\"scale-with-grid\" alt=\"Hora del planeta\" style=\"\" decoding=\"async\" srcset=\"https:\/\/www.lafiracentrecomercial.com\/wp-content\/uploads\/2025\/03\/Hora_planeta.webp 1920w, https:\/\/www.lafiracentrecomercial.com\/wp-content\/uploads\/2025\/03\/Hora_planeta-500x333.webp 500w, https:\/\/www.lafiracentrecomercial.com\/wp-content\/uploads\/2025\/03\/Hora_planeta-1200x800.webp 1200w, https:\/\/www.lafiracentrecomercial.com\/wp-content\/uploads\/2025\/03\/Hora_planeta-300x200.webp 300w, https:\/\/www.lafiracentrecomercial.com\/wp-content\/uploads\/2025\/03\/Hora_planeta-768x512.webp 768w, https:\/\/www.lafiracentrecomercial.com\/wp-content\/uploads\/2025\/03\/Hora_planeta-1536x1024.webp 1536w, https:\/\/www.lafiracentrecomercial.com\/wp-content\/uploads\/2025\/03\/Hora_planeta-113x75.webp 113w, https:\/\/www.lafiracentrecomercial.com\/wp-content\/uploads\/2025\/03\/Hora_planeta-480x320.webp 480w\" sizes=\"(max-width:767px) 480px, (max-width:1920px) 100vw, 1920px\" \/><\/div><\/div>\n<\/div><\/div><div  class=\"column mcb-column mcb-item-lw7l0bcoq one laptop-one tablet-one mobile-one column_column vb-item\" style=\"\" ><div class=\"mcb-column-inner mfn-module-wrapper mcb-column-inner-lw7l0bcoq mcb-item-column-inner\"><div class=\"column_attr mfn-inline-editor clearfix\" style=\"\"><p style=\"text-align: justify;\">Un any m\u00e9s, <a href=\"https:\/\/www.lafiracentrecomercial.com\/ca\/\">La Fira Centre Comercial<\/a> s\u2019apaga per la iniciativa global L\u2019Hora del Planeta, promoguda per <a href=\"https:\/\/wwf.panda.org\/es\/campanas_ambientales\/la_hora_del_planeta\/\">WWF Internacional<\/a>, per conscienciar sobre la import\u00e0ncia de la protecci\u00f3 del medi ambient.<\/p>\n<p style=\"text-align: justify;\">El proper dissabte 22 de mar\u00e7, La Fira apagar\u00e0 durant una hora la il\u00b7luminaci\u00f3 de diferents zones del centre comercial, incloent-hi els llums del t\u00f2tem La Fira a la Pla\u00e7a de l\u2019Univers; els llums dels r\u00e8tols corporatius La Fira als accessos nord i sud; la il\u00b7luminaci\u00f3 de les p\u00e8rgoles i jardinera a la terrassa de la planta segona i els llums RGB La Fira.<\/p>\n<p style=\"text-align: justify;\">Amb aquest gest simb\u00f2lic, que tindr\u00e0 lloc entre les 20:00 i les 21:00 hores, el centre comercial La Fira s\u2019uneix a aquest moviment global com a part del seu comprom\u00eds amb la responsabilitat social i ambiental.<\/p>\n<p style=\"text-align: justify;\">L\u2019Hora del Planeta, que celebra el seu 19\u00e8 aniversari, s\u2019ha convertit en el major esdeveniment de participaci\u00f3 ambiental a nivell mundial, amb la participaci\u00f3 de m\u00e9s de 190 pa\u00efsos i milions de persones que apaguen els llums de les seves llars, empreses i edificis emblem\u00e0tics durant una hora.<\/p><\/div><\/div><\/div><\/div><\/div><div  class=\"wrap mcb-wrap mcb-wrap-6cpan9fzo one-second tablet-one-second laptop-one-second mobile-one vb-item clearfix\" data-desktop-col=\"one-second\" data-laptop-col=\"laptop-one-second\" data-tablet-col=\"tablet-one-second\" data-mobile-col=\"mobile-one\" style=\"\"   ><div class=\"mcb-wrap-inner mcb-wrap-inner-6cpan9fzo mfn-module-wrapper mfn-wrapper-for-wraps\"  ><div class=\"mcb-wrap-background-overlay\"><\/div><\/div><\/div><div  class=\"wrap mcb-wrap mcb-wrap-1f11nuaob divider   mobile-one vb-item clearfix\" data-desktop-col=\"divider\" data-laptop-col=\"\" data-tablet-col=\"\" data-mobile-col=\"mobile-one\" style=\"\"   ><div class=\"mcb-wrap-inner mcb-wrap-inner-1f11nuaob mfn-module-wrapper mfn-wrapper-for-wraps\"  ><div class=\"mcb-wrap-background-overlay\"><\/div><\/div><\/div><div  class=\"wrap mcb-wrap mcb-wrap-jxwweexfr divider   mobile-one vb-item clearfix\" data-desktop-col=\"divider\" data-laptop-col=\"\" data-tablet-col=\"\" data-mobile-col=\"mobile-one\" style=\"\"   ><div class=\"mcb-wrap-inner mcb-wrap-inner-jxwweexfr mfn-module-wrapper mfn-wrapper-for-wraps\"  ><div class=\"mcb-wrap-background-overlay\"><\/div><\/div><\/div><\/div><\/section><section class=\"section mcb-section mfn-default-section mcb-section-xya0k15k\"   style=\"\" ><div class=\"mcb-background-overlay\"><\/div><div class=\"section_wrapper mfn-wrapper-for-wraps mcb-section-inner mcb-section-inner-xya0k15k\"><div  class=\"wrap mcb-wrap mcb-wrap-8wxqoc7gp one-second tablet-one-second laptop-one-second mobile-one vb-item clearfix\" data-desktop-col=\"one-second\" data-laptop-col=\"laptop-one-second\" data-tablet-col=\"tablet-one-second\" data-mobile-col=\"mobile-one\" style=\"\"   ><div class=\"mcb-wrap-inner mcb-wrap-inner-8wxqoc7gp mfn-module-wrapper mfn-wrapper-for-wraps\"  ><div class=\"mcb-wrap-background-overlay\"><\/div><\/div><\/div><\/div><\/section><section class=\"section mcb-section mfn-default-section mcb-section-og5fq3h4p\"   style=\"\" ><div class=\"mcb-background-overlay\"><\/div><div class=\"section_wrapper mfn-wrapper-for-wraps mcb-section-inner mcb-section-inner-og5fq3h4p\"><div  class=\"wrap mcb-wrap mcb-wrap-gf66ay6dq one tablet-one laptop-one mobile-one vb-item clearfix\" data-desktop-col=\"one\" data-laptop-col=\"laptop-one\" data-tablet-col=\"tablet-one\" data-mobile-col=\"mobile-one\" style=\"\"   ><div class=\"mcb-wrap-inner mcb-wrap-inner-gf66ay6dq mfn-module-wrapper mfn-wrapper-for-wraps\"  ><div class=\"mcb-wrap-background-overlay\"><\/div><div  class=\"column mcb-column mcb-item-7x4f9fqu one laptop-one tablet-one mobile-one column_button vb-item\" style=\"\" ><div class=\"mcb-column-inner mfn-module-wrapper mcb-column-inner-7x4f9fqu mcb-item-button-inner\"><a class=\"button  button_left button_size_1\" href=\"https:\/\/www.lafiracentrecomercial.com\/es\/actualidad-sin-filtros\/\"         title=\"\"><span class=\"button_icon\"><i class=\"icon-left-open\"  aria-hidden=\"true\"><\/i><\/span><span class=\"button_label\">Volver a Actualidad<\/span><\/a>\n<\/div><\/div><\/div><\/div><\/div><\/section><\/div>"},"publishpress_future_workflow_manual_trigger":{"enabledWorkflows":[]},"_links":{"self":[{"href":"https:\/\/www.lafiracentrecomercial.com\/ca\/wp-json\/wp\/v2\/posts\/6568","targetHints":{"allow":["GET"]}}],"collection":[{"href":"https:\/\/www.lafiracentrecomercial.com\/ca\/wp-json\/wp\/v2\/posts"}],"about":[{"href":"https:\/\/www.lafiracentrecomercial.com\/ca\/wp-json\/wp\/v2\/types\/post"}],"author":[{"embeddable":true,"href":"https:\/\/www.lafiracentrecomercial.com\/ca\/wp-json\/wp\/v2\/users\/2"}],"replies":[{"embeddable":true,"href":"https:\/\/www.lafiracentrecomercial.com\/ca\/wp-json\/wp\/v2\/comments?post=6568"}],"version-history":[{"count":4,"href":"https:\/\/www.lafiracentrecomercial.com\/ca\/wp-json\/wp\/v2\/posts\/6568\/revisions"}],"predecessor-version":[{"id":6698,"href":"https:\/\/www.lafiracentrecomercial.com\/ca\/wp-json\/wp\/v2\/posts\/6568\/revisions\/6698"}],"wp:featuredmedia":[{"embeddable":true,"href":"https:\/\/www.lafiracentrecomercial.com\/ca\/wp-json\/wp\/v2\/media\/6570"}],"wp:attachment":[{"href":"https:\/\/www.lafiracentrecomercial.com\/ca\/wp-json\/wp\/v2\/media?parent=6568"}],"wp:term":[{"taxonomy":"category","embeddable":true,"href":"https:\/\/www.lafiracentrecomercial.com\/ca\/wp-json\/wp\/v2\/categories?post=6568"},{"taxonomy":"post_tag","embeddable":true,"href":"https:\/\/www.lafiracentrecomercial.com\/ca\/wp-json\/wp\/v2\/tags?post=6568"}],"curies":[{"name":"wp","href":"https:\/\/api.w.org\/{rel}","templated":true}]}}