{"id":6582,"date":"2025-03-26T08:33:03","date_gmt":"2025-03-26T08:33:03","guid":{"rendered":"https:\/\/www.lafiracentrecomercial.com\/?p=6582"},"modified":"2025-04-10T16:22:30","modified_gmt":"2025-04-10T16:22:30","slug":"animal-day-la-fira-5","status":"publish","type":"post","link":"https:\/\/www.lafiracentrecomercial.com\/ca\/animal-day-la-fira-5\/","title":{"rendered":"Animal Day: La Fira impulsa les adopcions en la 5\u00ba edici\u00f3 de la jornada"},"content":{"rendered":"\n<h5 class=\"wp-block-heading\"><\/h5>\n\n\n\n<div style=\"height:30px\" aria-hidden=\"true\" class=\"wp-block-spacer\"><\/div>\n\n\n\n<div style=\"height:30px\" aria-hidden=\"true\" class=\"wp-block-spacer\"><\/div>\n","protected":false},"excerpt":{"rendered":"<p>Durant tot el mar\u00e7, protectores d\u2019animals es troben al centre comercial per visibilitzar l\u2019adopci\u00f3 d\u2019animals, que desfilar\u00e0n el Animal Day.<\/p>\n","protected":false},"author":2,"featured_media":6584,"comment_status":"closed","ping_status":"closed","sticky":false,"template":"","format":"standard","meta":{"footnotes":""},"categories":[134,133],"tags":[135,136],"class_list":["post-6582","post","type-post","status-publish","format-standard","has-post-thumbnail","hentry","category-rsc","category-events","tag-events","tag-rsc"],"featured_img_url":"https:\/\/www.lafiracentrecomercial.com\/wp-content\/uploads\/2025\/03\/ANIMAL-DAY-640X348-copia.webp","custom_meta":{"contentDirectorios":"","contentAux":"<div data-id=\"6582\" class=\"mfn-builder-content mfn-default-content-buider\"><section class=\"section mcb-section mfn-default-section mcb-section-zya15xmm4\"   style=\"\" ><div class=\"mcb-background-overlay\"><\/div><div class=\"section_wrapper mfn-wrapper-for-wraps mcb-section-inner mcb-section-inner-zya15xmm4\"><div  class=\"wrap mcb-wrap mcb-wrap-57fgysmgw one tablet-one laptop-one mobile-one vb-item clearfix\" data-desktop-col=\"one\" data-laptop-col=\"laptop-one\" data-tablet-col=\"tablet-one\" data-mobile-col=\"mobile-one\" style=\"\"   ><div class=\"mcb-wrap-inner mcb-wrap-inner-57fgysmgw mfn-module-wrapper mfn-wrapper-for-wraps\"  ><div class=\"mcb-wrap-background-overlay\"><\/div><div  class=\"column mcb-column mcb-item-b93pzwxr one laptop-one tablet-one mobile-one column_heading vb-item\" style=\"\" ><div class=\"mcb-column-inner mfn-module-wrapper mcb-column-inner-b93pzwxr mcb-item-heading-inner\"><h1 class=\"title\">La Fira impulsa les adopcions en la cinquena edici\u00f3 del seu \u201cAnimal Day\u201d amb activitats per a tots els p\u00fablics<\/h1><\/div><\/div><\/div><\/div><\/div><\/section><section class=\"section mcb-section mfn-default-section mcb-section-nclnlo4md\"   style=\"\" ><div class=\"mcb-background-overlay\"><\/div><div class=\"section_wrapper mfn-wrapper-for-wraps mcb-section-inner mcb-section-inner-nclnlo4md\"><div  class=\"wrap mcb-wrap mcb-wrap-n7wicxah one tablet-one laptop-one mobile-one vb-item clearfix\" data-desktop-col=\"one\" data-laptop-col=\"laptop-one\" data-tablet-col=\"tablet-one\" data-mobile-col=\"mobile-one\" style=\"\"   ><div class=\"mcb-wrap-inner mcb-wrap-inner-n7wicxah mfn-module-wrapper mfn-wrapper-for-wraps\"  ><div class=\"mcb-wrap-background-overlay\"><\/div><div  class=\"column mcb-column mcb-item-41rdl25ri one laptop-one tablet-one mobile-one column_divider_2 vb-item\" style=\"\" ><div class=\"mcb-column-inner mfn-module-wrapper mcb-column-inner-41rdl25ri mcb-item-divider_2-inner\"><div class=\"mfn-divider mfn-divider-center\"><div class=\"mfn-divider-inner\"><\/div><\/div>\n<\/div><\/div><\/div><\/div><div  class=\"wrap mcb-wrap mcb-wrap-t76h8yas one tablet-one laptop-one mobile-one vb-item clearfix\" data-desktop-col=\"one\" data-laptop-col=\"laptop-one\" data-tablet-col=\"tablet-one\" data-mobile-col=\"mobile-one\" style=\"\"   ><div class=\"mcb-wrap-inner mcb-wrap-inner-t76h8yas mfn-module-wrapper mfn-wrapper-for-wraps\"  ><div class=\"mcb-wrap-background-overlay\"><\/div><div  class=\"column mcb-column mcb-item-gn9v2tqs one laptop-one tablet-one mobile-one column_column vb-item\" style=\"\" ><div class=\"mcb-column-inner mfn-module-wrapper mcb-column-inner-gn9v2tqs mcb-item-column-inner\"><div class=\"column_attr mfn-inline-editor clearfix\" style=\"\"><ul>\n<li>\n<h3><strong>Durant tot el mar\u00e7, protectores d\u2019animals es troben al centre comercial per visibilitzar el seus projectes i facilitar l\u2019adopci\u00f3 d\u2019animals.<\/strong><\/h3>\n<\/li>\n<li>\n<h3><strong>\u2018L\u2019Animal Day: V Jornada d\u2019acollida i adopci\u00f3\u2019 se celebrar\u00e0 el 29 de mar\u00e7 de 2025, amb tallers, una desfilada canina i el sorteig de productes de Kiwoko.<\/strong><\/h3>\n<\/li>\n<\/ul><\/div><\/div><\/div><div  class=\"column mcb-column mcb-item-5bh07qhip one laptop-one tablet-one mobile-one column_image vb-item\" style=\"\" ><div class=\"mcb-column-inner mfn-module-wrapper mcb-column-inner-5bh07qhip mcb-item-image-inner\"><div class=\"image_frame image_item no_link scale-with-grid element_classes alignnone stretch no_border mfn-img-box\" ><div class=\"image_wrapper\"><img width=\"1151\" height=\"759\" src=\"https:\/\/www.lafiracentrecomercial.com\/wp-content\/uploads\/2025\/03\/Unknown.jpeg\" class=\"scale-with-grid\" alt=\"\" style=\"\" decoding=\"async\" srcset=\"https:\/\/www.lafiracentrecomercial.com\/wp-content\/uploads\/2025\/03\/Unknown.jpeg 1151w, https:\/\/www.lafiracentrecomercial.com\/wp-content\/uploads\/2025\/03\/Unknown-500x330.jpeg 500w, https:\/\/www.lafiracentrecomercial.com\/wp-content\/uploads\/2025\/03\/Unknown-300x198.jpeg 300w, https:\/\/www.lafiracentrecomercial.com\/wp-content\/uploads\/2025\/03\/Unknown-768x506.jpeg 768w, https:\/\/www.lafiracentrecomercial.com\/wp-content\/uploads\/2025\/03\/Unknown-114x75.jpeg 114w, https:\/\/www.lafiracentrecomercial.com\/wp-content\/uploads\/2025\/03\/Unknown-480x317.jpeg 480w\" sizes=\"(max-width:767px) 480px, (max-width:1151px) 100vw, 1151px\" \/><\/div><\/div>\n<\/div><\/div><div  class=\"column mcb-column mcb-item-lw7l0bcoq one laptop-one tablet-one mobile-one column_column vb-item\" style=\"\" ><div class=\"mcb-column-inner mfn-module-wrapper mcb-column-inner-lw7l0bcoq mcb-item-column-inner\"><div class=\"column_attr mfn-inline-editor clearfix\" style=\"\"><p style=\"font-weight: 400;\"><a href=\"https:\/\/www.lafiracentrecomercial.com\/ca\">La Fira Centre Comercial<\/a> es prepara per celebrar la cinquena edici\u00f3 del seu \u2018Animal Day: Jornada d\u2019acollida i adopci\u00f3\u2019 el proper dissabte 29 de mar\u00e7, un esdeveniment que, com cada any, celebra els animals i promou l\u2019adopci\u00f3 responsable.<\/p>\n<p style=\"font-weight: 400;\">Al llarg del mes de mar\u00e7, diverses protectores d\u2019animals han estat presents al centre comercial per donar a con\u00e8ixer la seva feina i facilitar l\u2019adopci\u00f3 de mascotes, mentre que els visitants han pogut fer donacions als estands i rebre participacions per a un sorteig especial de <strong>tres lots de productes de Kiwoko valorats en 50\u20ac.<\/strong><\/p>\n<p style=\"font-weight: 400;\"><strong>Activitats del V Animal Day<\/strong><\/p>\n<p style=\"font-weight: 400;\">L\u2019esdeveniment central d\u2019aquest mes se celebrar\u00e0 el 29 de mar\u00e7 de 2025 amb una s\u00e8rie d\u2019activitats per a tota la fam\u00edlia. A les 12:00 h, comen\u00e7a la jornada amb <strong>un taller infantil d\u2019elaboraci\u00f3 de m\u00e0scares d\u2019animals.<\/strong> L\u2019activitat ofereix un taller creatiu en el qual els m\u00e9s petits podran dissenyar les seves pr\u00f2pies m\u00e0scares d\u2019animals, una activitat divertida i educativa per sensibilitzar sobre la fauna i la cura dels animals.<\/p>\n<p style=\"font-weight: 400;\">A primera hora de la tarda, a les 16:30 h, comen\u00e7ar\u00e0 el <strong>taller de ensinistrament amb V\u00edctor Torres<\/strong>. Una classe pr\u00e0ctica d\u2019ensinistrament can\u00ed dirigida per V\u00edctor Torres, expert en comportament animal. Els assistents podran aprendre consells i t\u00e8cniques per millorar la relaci\u00f3 amb les seves mascotes i treballar aspectes rellevants com la socialitzaci\u00f3 o el passeig.<\/p>\n<p style=\"font-weight: 400;\">Finalment, <strong>a les 17:30 h, tindr\u00e0 lloc la Gran Desfilada Canina<\/strong>. L\u2019acte m\u00e9s esperat de la jornada reunir\u00e0 gaireb\u00e9<strong> quaranta gossos en adopci\u00f3 de diferents protectores locals<\/strong>, aix\u00ed com mascotes dels mateixos visitants del centre que vulguin donar-se a con\u00e8ixer. La desfilada, que enguany presentar\u00e0 Pilar Rofes, testimoni del llibre \u201cH\u00e9roes sobre ruedas\u201d, \u00e9s una oportunitat tant per als animals que busquen fam\u00edlia com per a les mascotes que assisteixen al centre comercial. A m\u00e9s, aquells visitants que participin en la desfilada amb les seves mascotes entraran en el sorteig d\u2019un sac de pinso de 3 kg. La Gran Desfilada Canina tindr\u00e0 lloc a la segona planta de La Fira.<\/p>\n<p style=\"font-weight: 400;\">Aquest esdeveniment no nom\u00e9s pret\u00e9n ser un espai d\u2019entreteniment, sin\u00f3 tamb\u00e9 una oportunitat per sensibilitzar els visitants sobre l\u2019adopci\u00f3 responsable i la import\u00e0ncia de la protecci\u00f3 animal. Amb activitats interactives, sortejos i una desfilada inclusiva, La Fira ofereix un dia especial per gaudir al centre comercial incloent-hi les mascotes en l\u2019oci familiar.<\/p>\n<p style=\"font-weight: 400;\"><strong>Comprom\u00eds continu amb el benestar animal<\/strong><\/p>\n<p style=\"font-weight: 400;\">\u2018L\u2019Animal Day: V Jornada d\u2019acollida i adopci\u00f3\u2019 referma el comprom\u00eds de La Fira Centre Comercial amb la comunitat i el benestar animal. Amb activitats pensades per a totes les edats, el centre busca promoure un estil de vida responsable i solidari, oferint un espai per a l\u2019adopci\u00f3 i la cura dels animals.<\/p>\n<p style=\"text-align: justify;\"><span style=\"font-weight: 400;\">A m\u00e9s, aquest esdeveniment forma part de l\u2019estrat\u00e8gia de La Fira per continuar ampliant la seva oferta d\u2019activitats que combinen la cultura, l\u2019oci i el comprom\u00eds social. <\/span><\/p><\/div><\/div><\/div><div  class=\"column mcb-column mcb-item-83f6go2re one laptop-one tablet-one mobile-one column_image vb-item\" style=\"\" ><div class=\"mcb-column-inner mfn-module-wrapper mcb-column-inner-83f6go2re mcb-item-image-inner\"><div class=\"image_frame image_item no_link scale-with-grid element_classes alignnone stretch no_border mfn-img-box\" ><div class=\"image_wrapper\"><img width=\"1201\" height=\"845\" src=\"https:\/\/www.lafiracentrecomercial.com\/wp-content\/uploads\/2025\/03\/24-02-24-ANIMAL-DAY-9.jpeg\" class=\"scale-with-grid\" alt=\"\" style=\"\" decoding=\"async\" srcset=\"https:\/\/www.lafiracentrecomercial.com\/wp-content\/uploads\/2025\/03\/24-02-24-ANIMAL-DAY-9.jpeg 1201w, https:\/\/www.lafiracentrecomercial.com\/wp-content\/uploads\/2025\/03\/24-02-24-ANIMAL-DAY-9-500x352.jpeg 500w, https:\/\/www.lafiracentrecomercial.com\/wp-content\/uploads\/2025\/03\/24-02-24-ANIMAL-DAY-9-300x211.jpeg 300w, https:\/\/www.lafiracentrecomercial.com\/wp-content\/uploads\/2025\/03\/24-02-24-ANIMAL-DAY-9-768x540.jpeg 768w, https:\/\/www.lafiracentrecomercial.com\/wp-content\/uploads\/2025\/03\/24-02-24-ANIMAL-DAY-9-107x75.jpeg 107w, https:\/\/www.lafiracentrecomercial.com\/wp-content\/uploads\/2025\/03\/24-02-24-ANIMAL-DAY-9-480x338.jpeg 480w\" sizes=\"(max-width:767px) 480px, (max-width:1201px) 100vw, 1201px\" \/><\/div><\/div>\n<\/div><\/div><\/div><\/div><div  class=\"wrap mcb-wrap mcb-wrap-6cpan9fzo one-second tablet-one-second laptop-one-second mobile-one vb-item clearfix\" data-desktop-col=\"one-second\" data-laptop-col=\"laptop-one-second\" data-tablet-col=\"tablet-one-second\" data-mobile-col=\"mobile-one\" style=\"\"   ><div class=\"mcb-wrap-inner mcb-wrap-inner-6cpan9fzo mfn-module-wrapper mfn-wrapper-for-wraps\"  ><div class=\"mcb-wrap-background-overlay\"><\/div><\/div><\/div><div  class=\"wrap mcb-wrap mcb-wrap-1f11nuaob divider   mobile-one vb-item clearfix\" data-desktop-col=\"divider\" data-laptop-col=\"\" data-tablet-col=\"\" data-mobile-col=\"mobile-one\" style=\"\"   ><div class=\"mcb-wrap-inner mcb-wrap-inner-1f11nuaob mfn-module-wrapper mfn-wrapper-for-wraps\"  ><div class=\"mcb-wrap-background-overlay\"><\/div><\/div><\/div><div  class=\"wrap mcb-wrap mcb-wrap-jxwweexfr divider   mobile-one vb-item clearfix\" data-desktop-col=\"divider\" data-laptop-col=\"\" data-tablet-col=\"\" data-mobile-col=\"mobile-one\" style=\"\"   ><div class=\"mcb-wrap-inner mcb-wrap-inner-jxwweexfr mfn-module-wrapper mfn-wrapper-for-wraps\"  ><div class=\"mcb-wrap-background-overlay\"><\/div><\/div><\/div><\/div><\/section><section class=\"section mcb-section mfn-default-section mcb-section-xya0k15k\"   style=\"\" ><div class=\"mcb-background-overlay\"><\/div><div class=\"section_wrapper mfn-wrapper-for-wraps mcb-section-inner mcb-section-inner-xya0k15k\"><div  class=\"wrap mcb-wrap mcb-wrap-8wxqoc7gp one-second tablet-one-second laptop-one-second mobile-one vb-item clearfix\" data-desktop-col=\"one-second\" data-laptop-col=\"laptop-one-second\" data-tablet-col=\"tablet-one-second\" data-mobile-col=\"mobile-one\" style=\"\"   ><div class=\"mcb-wrap-inner mcb-wrap-inner-8wxqoc7gp mfn-module-wrapper mfn-wrapper-for-wraps\"  ><div class=\"mcb-wrap-background-overlay\"><\/div><\/div><\/div><\/div><\/section><section class=\"section mcb-section mfn-default-section mcb-section-og5fq3h4p\"   style=\"\" ><div class=\"mcb-background-overlay\"><\/div><div class=\"section_wrapper mfn-wrapper-for-wraps mcb-section-inner mcb-section-inner-og5fq3h4p\"><div  class=\"wrap mcb-wrap mcb-wrap-gf66ay6dq one tablet-one laptop-one mobile-one vb-item clearfix\" data-desktop-col=\"one\" data-laptop-col=\"laptop-one\" data-tablet-col=\"tablet-one\" data-mobile-col=\"mobile-one\" style=\"\"   ><div class=\"mcb-wrap-inner mcb-wrap-inner-gf66ay6dq mfn-module-wrapper mfn-wrapper-for-wraps\"  ><div class=\"mcb-wrap-background-overlay\"><\/div><div  class=\"column mcb-column mcb-item-7x4f9fqu one laptop-one tablet-one mobile-one column_button vb-item\" style=\"\" ><div class=\"mcb-column-inner mfn-module-wrapper mcb-column-inner-7x4f9fqu mcb-item-button-inner\"><a class=\"button  button_left button_size_1\" href=\"https:\/\/www.lafiracentrecomercial.com\/es\/actualidad-sin-filtros\/\"         title=\"\"><span class=\"button_icon\"><i class=\"icon-left-open\"  aria-hidden=\"true\"><\/i><\/span><span class=\"button_label\">Volver a Actualidad<\/span><\/a>\n<\/div><\/div><\/div><\/div><\/div><\/section><\/div>"},"publishpress_future_workflow_manual_trigger":{"enabledWorkflows":[]},"_links":{"self":[{"href":"https:\/\/www.lafiracentrecomercial.com\/ca\/wp-json\/wp\/v2\/posts\/6582","targetHints":{"allow":["GET"]}}],"collection":[{"href":"https:\/\/www.lafiracentrecomercial.com\/ca\/wp-json\/wp\/v2\/posts"}],"about":[{"href":"https:\/\/www.lafiracentrecomercial.com\/ca\/wp-json\/wp\/v2\/types\/post"}],"author":[{"embeddable":true,"href":"https:\/\/www.lafiracentrecomercial.com\/ca\/wp-json\/wp\/v2\/users\/2"}],"replies":[{"embeddable":true,"href":"https:\/\/www.lafiracentrecomercial.com\/ca\/wp-json\/wp\/v2\/comments?post=6582"}],"version-history":[{"count":5,"href":"https:\/\/www.lafiracentrecomercial.com\/ca\/wp-json\/wp\/v2\/posts\/6582\/revisions"}],"predecessor-version":[{"id":6694,"href":"https:\/\/www.lafiracentrecomercial.com\/ca\/wp-json\/wp\/v2\/posts\/6582\/revisions\/6694"}],"wp:featuredmedia":[{"embeddable":true,"href":"https:\/\/www.lafiracentrecomercial.com\/ca\/wp-json\/wp\/v2\/media\/6584"}],"wp:attachment":[{"href":"https:\/\/www.lafiracentrecomercial.com\/ca\/wp-json\/wp\/v2\/media?parent=6582"}],"wp:term":[{"taxonomy":"category","embeddable":true,"href":"https:\/\/www.lafiracentrecomercial.com\/ca\/wp-json\/wp\/v2\/categories?post=6582"},{"taxonomy":"post_tag","embeddable":true,"href":"https:\/\/www.lafiracentrecomercial.com\/ca\/wp-json\/wp\/v2\/tags?post=6582"}],"curies":[{"name":"wp","href":"https:\/\/api.w.org\/{rel}","templated":true}]}}