{"id":6661,"date":"2025-04-08T10:03:08","date_gmt":"2025-04-08T10:03:08","guid":{"rendered":"https:\/\/www.lafiracentrecomercial.com\/?p=6661"},"modified":"2025-04-10T15:49:42","modified_gmt":"2025-04-10T15:49:42","slug":"celebra-sant-jordi-rosa-i-llibre","status":"publish","type":"post","link":"https:\/\/www.lafiracentrecomercial.com\/ca\/celebra-sant-jordi-rosa-i-llibre\/","title":{"rendered":"La Fira Centre Comercial celebra Sant Jordi: 1 rosa per 1 llibre"},"content":{"rendered":"\n<h5 class=\"wp-block-heading\"><\/h5>\n\n\n\n<div style=\"height:30px\" aria-hidden=\"true\" class=\"wp-block-spacer\"><\/div>\n\n\n\n<div style=\"height:30px\" aria-hidden=\"true\" class=\"wp-block-spacer\"><\/div>\n","protected":false},"excerpt":{"rendered":"<p>El centre comercial regalar\u00e0 una rosa a totes aquelles persones que donin llibres de lectura usats, amb l\u2019objectiu de superar els 1.000 exemplars en una sola jornada<\/p>\n","protected":false},"author":2,"featured_media":6666,"comment_status":"closed","ping_status":"closed","sticky":false,"template":"","format":"standard","meta":{"footnotes":""},"categories":[],"tags":[],"class_list":["post-6661","post","type-post","status-publish","format-standard","has-post-thumbnail","hentry"],"featured_img_url":"https:\/\/www.lafiracentrecomercial.com\/wp-content\/uploads\/2025\/04\/SANT-JORDI-640X348-copia.webp","custom_meta":{"contentDirectorios":"","contentAux":"<div data-id=\"6661\" class=\"mfn-builder-content mfn-default-content-buider\"><section class=\"section mcb-section mfn-default-section mcb-section-zya15xmm4\"   style=\"\" ><div class=\"mcb-background-overlay\"><\/div><div class=\"section_wrapper mfn-wrapper-for-wraps mcb-section-inner mcb-section-inner-zya15xmm4\"><div  class=\"wrap mcb-wrap mcb-wrap-57fgysmgw one tablet-one laptop-one mobile-one vb-item clearfix\" data-desktop-col=\"one\" data-laptop-col=\"laptop-one\" data-tablet-col=\"tablet-one\" data-mobile-col=\"mobile-one\" style=\"\"   ><div class=\"mcb-wrap-inner mcb-wrap-inner-57fgysmgw mfn-module-wrapper mfn-wrapper-for-wraps\"  ><div class=\"mcb-wrap-background-overlay\"><\/div><div  class=\"column mcb-column mcb-item-b93pzwxr one laptop-one tablet-one mobile-one column_heading vb-item\" style=\"\" ><div class=\"mcb-column-inner mfn-module-wrapper mcb-column-inner-b93pzwxr mcb-item-heading-inner\"><h1 class=\"title\">La Fira Centre Comercial celebra Sant Jordi: una rosa a canvi d\u2019un llibre<\/h1><\/div><\/div><\/div><\/div><\/div><\/section><section class=\"section mcb-section mfn-default-section mcb-section-nclnlo4md\"   style=\"\" ><div class=\"mcb-background-overlay\"><\/div><div class=\"section_wrapper mfn-wrapper-for-wraps mcb-section-inner mcb-section-inner-nclnlo4md\"><div  class=\"wrap mcb-wrap mcb-wrap-n7wicxah one tablet-one laptop-one mobile-one vb-item clearfix\" data-desktop-col=\"one\" data-laptop-col=\"laptop-one\" data-tablet-col=\"tablet-one\" data-mobile-col=\"mobile-one\" style=\"\"   ><div class=\"mcb-wrap-inner mcb-wrap-inner-n7wicxah mfn-module-wrapper mfn-wrapper-for-wraps\"  ><div class=\"mcb-wrap-background-overlay\"><\/div><div  class=\"column mcb-column mcb-item-41rdl25ri one laptop-one tablet-one mobile-one column_divider_2 vb-item\" style=\"\" ><div class=\"mcb-column-inner mfn-module-wrapper mcb-column-inner-41rdl25ri mcb-item-divider_2-inner\"><div class=\"mfn-divider mfn-divider-center\"><div class=\"mfn-divider-inner\"><\/div><\/div>\n<\/div><\/div><\/div><\/div><div  class=\"wrap mcb-wrap mcb-wrap-t76h8yas one tablet-one laptop-one mobile-one vb-item clearfix\" data-desktop-col=\"one\" data-laptop-col=\"laptop-one\" data-tablet-col=\"tablet-one\" data-mobile-col=\"mobile-one\" style=\"\"   ><div class=\"mcb-wrap-inner mcb-wrap-inner-t76h8yas mfn-module-wrapper mfn-wrapper-for-wraps\"  ><div class=\"mcb-wrap-background-overlay\"><\/div><div  class=\"column mcb-column mcb-item-gn9v2tqs one laptop-one tablet-one mobile-one column_column vb-item\" style=\"\" ><div class=\"mcb-column-inner mfn-module-wrapper mcb-column-inner-gn9v2tqs mcb-item-column-inner\"><div class=\"column_attr mfn-inline-editor clearfix\" style=\"\"><ul>\n<li>\n<h3><strong>El centre comercial regalar\u00e0 una rosa a totes aquelles persones que portin un llibre de lectura usat, amb l\u2019objectiu de superar els 1.000 exemplars donats pel punt d'intercanvi en un sol dia.<\/strong><\/h3>\n<\/li>\n<\/ul><\/div><\/div><\/div><div  class=\"column mcb-column mcb-item-hasco14 one laptop-one tablet-one mobile-one column_image vb-item\" style=\"\" ><div class=\"mcb-column-inner mfn-module-wrapper mcb-column-inner-hasco14 mcb-item-image-inner\"><div class=\"image_frame image_item no_link scale-with-grid element_classes alignnone stretch no_border mfn-img-box\" ><div class=\"image_wrapper\"><img width=\"1920\" height=\"1080\" src=\"https:\/\/www.lafiracentrecomercial.com\/wp-content\/uploads\/2025\/04\/SANT-JORDI-2025-LA-FIRA-LA-FIRA_RRSS-1920x1080-1.jpg\" class=\"scale-with-grid\" alt=\"\" style=\"\" decoding=\"async\" srcset=\"https:\/\/www.lafiracentrecomercial.com\/wp-content\/uploads\/2025\/04\/SANT-JORDI-2025-LA-FIRA-LA-FIRA_RRSS-1920x1080-1.jpg 1920w, https:\/\/www.lafiracentrecomercial.com\/wp-content\/uploads\/2025\/04\/SANT-JORDI-2025-LA-FIRA-LA-FIRA_RRSS-1920x1080-1-500x281.jpg 500w, https:\/\/www.lafiracentrecomercial.com\/wp-content\/uploads\/2025\/04\/SANT-JORDI-2025-LA-FIRA-LA-FIRA_RRSS-1920x1080-1-1200x675.jpg 1200w, https:\/\/www.lafiracentrecomercial.com\/wp-content\/uploads\/2025\/04\/SANT-JORDI-2025-LA-FIRA-LA-FIRA_RRSS-1920x1080-1-300x169.jpg 300w, https:\/\/www.lafiracentrecomercial.com\/wp-content\/uploads\/2025\/04\/SANT-JORDI-2025-LA-FIRA-LA-FIRA_RRSS-1920x1080-1-768x432.jpg 768w, https:\/\/www.lafiracentrecomercial.com\/wp-content\/uploads\/2025\/04\/SANT-JORDI-2025-LA-FIRA-LA-FIRA_RRSS-1920x1080-1-1536x864.jpg 1536w, https:\/\/www.lafiracentrecomercial.com\/wp-content\/uploads\/2025\/04\/SANT-JORDI-2025-LA-FIRA-LA-FIRA_RRSS-1920x1080-1-133x75.jpg 133w, https:\/\/www.lafiracentrecomercial.com\/wp-content\/uploads\/2025\/04\/SANT-JORDI-2025-LA-FIRA-LA-FIRA_RRSS-1920x1080-1-480x270.jpg 480w\" sizes=\"(max-width:767px) 480px, (max-width:1920px) 100vw, 1920px\" \/><\/div><\/div>\n<\/div><\/div><div  class=\"column mcb-column mcb-item-lw7l0bcoq one laptop-one tablet-one mobile-one column_column vb-item\" style=\"\" ><div class=\"mcb-column-inner mfn-module-wrapper mcb-column-inner-lw7l0bcoq mcb-item-column-inner\"><div class=\"column_attr mfn-inline-editor clearfix\" style=\"\"><p style=\"font-weight: 400;\"><a href=\"https:\/\/www.lafiracentrecomercial.com\/ca\">La Fira Centre Comercial <\/a>se suma un any m\u00e9s a la celebraci\u00f3 de Sant Jordi, una de les festivitats m\u00e9s estimades i arrelades a la cultura catalana, amb una proposta que combina tradici\u00f3, participaci\u00f3 ciutadana i comprom\u00eds social. El proper dimarts 23 d\u2019abril, a partir de les 17:00 h, el centre organitzar\u00e0 una acci\u00f3 especial al <a href=\"https:\/\/www.lafiracentrecomercial.com\/ca\/serveis\/\">Punt d\u2019Atenci\u00f3 al Client (PAC)<\/a>, a la planta carrer, convidant tots els visitants a formar part activa del seu espai de foment de la lectura: el Punt d\u2019Intercanvi de Llibres situat a la primera planta.<\/p>\n<p style=\"font-weight: 400;\">El dia de Sant Jordi, totes les persones que donin un llibre de lectura rebran, com a s\u00edmbol d\u2019agra\u00efment i en l\u00ednia amb la tradici\u00f3 de Sant Jordi, una rosa, fins a exhaurir exist\u00e8ncies. L\u2019acci\u00f3 busca incentivar l\u2019intercanvi de llibres, promoure la cultura liter\u00e0ria i donar una segona vida a exemplars que poden continuar despertant inter\u00e8s en altres lectors. Amb aquesta iniciativa, La Fira s\u2019ha proposat el repte de reunir m\u00e9s de 1.000 llibres en un sol dia, contribuint aix\u00ed a seguir alimentant el seu espai d\u2019intercanvi, que ja ha superat els 3.000 llibres registrats des de la seva posada en marxa.<\/p>\n<p style=\"font-weight: 400;\">El <a href=\"https:\/\/www.bookcrossing.es\/\">Punt d\u2019Intercanvi de Llibres <\/a>de La Fira \u00e9s un espai obert, accessible i gratu\u00eft, on qualsevol persona pot deixar o recollir llibres sense cap cost. Aquesta acci\u00f3, que s\u2019emmarca dins de les l\u00ednies de Responsabilitat Social Corporativa del centre, pret\u00e9n tamb\u00e9 generar una major consci\u00e8ncia sobre el valor dels llibres com a eina de cohesi\u00f3 cultural, aix\u00ed com fomentar h\u00e0bits de lectura entre p\u00fablics de totes les edats.<\/p>\n<p style=\"font-weight: 400;\">Per garantir la utilitat i qualitat del fons bibliogr\u00e0fic, es demana que els llibres donats siguin \u00fanicament de lectura \u2014com novel\u00b7les, contes, assaigs o relats\u2014 i estiguin en bon estat. En queden exclosos els manuals, diccionaris, enciclop\u00e8dies, codis legals, llibres t\u00e8cnics o escolars.<\/p>\n<p style=\"font-weight: 400;\">Amb aquesta activitat, La Fira refor\u00e7a la seva vocaci\u00f3 com a espai integrador, cultural i familiar, apostant per propostes que van m\u00e9s enll\u00e0 del comer\u00e7 tradicional. A trav\u00e9s d\u2019accions com aquesta, el centre comercial es consolida com un referent a Reus no nom\u00e9s per la seva oferta comercial i d\u2019oci, sin\u00f3 tamb\u00e9 pel seu paper actiu en la vida social i cultural de la ciutat.<\/p><\/div><\/div><\/div><\/div><\/div><div  class=\"wrap mcb-wrap mcb-wrap-1f11nuaob divider   mobile-one vb-item clearfix\" data-desktop-col=\"divider\" data-laptop-col=\"\" data-tablet-col=\"\" data-mobile-col=\"mobile-one\" style=\"\"   ><div class=\"mcb-wrap-inner mcb-wrap-inner-1f11nuaob mfn-module-wrapper mfn-wrapper-for-wraps\"  ><div class=\"mcb-wrap-background-overlay\"><\/div><\/div><\/div><div  class=\"wrap mcb-wrap mcb-wrap-jxwweexfr divider   mobile-one vb-item clearfix\" data-desktop-col=\"divider\" data-laptop-col=\"\" data-tablet-col=\"\" data-mobile-col=\"mobile-one\" style=\"\"   ><div class=\"mcb-wrap-inner mcb-wrap-inner-jxwweexfr mfn-module-wrapper mfn-wrapper-for-wraps\"  ><div class=\"mcb-wrap-background-overlay\"><\/div><\/div><\/div><\/div><\/section><section class=\"section mcb-section mfn-default-section mcb-section-xya0k15k\"   style=\"\" ><div class=\"mcb-background-overlay\"><\/div><div class=\"section_wrapper mfn-wrapper-for-wraps mcb-section-inner mcb-section-inner-xya0k15k\"><div  class=\"wrap mcb-wrap mcb-wrap-8wxqoc7gp one-second tablet-one-second laptop-one-second mobile-one vb-item clearfix\" data-desktop-col=\"one-second\" data-laptop-col=\"laptop-one-second\" data-tablet-col=\"tablet-one-second\" data-mobile-col=\"mobile-one\" style=\"\"   ><div class=\"mcb-wrap-inner mcb-wrap-inner-8wxqoc7gp mfn-module-wrapper mfn-wrapper-for-wraps\"  ><div class=\"mcb-wrap-background-overlay\"><\/div><\/div><\/div><\/div><\/section><section class=\"section mcb-section mfn-default-section mcb-section-og5fq3h4p\"   style=\"\" ><div class=\"mcb-background-overlay\"><\/div><div class=\"section_wrapper mfn-wrapper-for-wraps mcb-section-inner mcb-section-inner-og5fq3h4p\"><div  class=\"wrap mcb-wrap mcb-wrap-gf66ay6dq one tablet-one laptop-one mobile-one vb-item clearfix\" data-desktop-col=\"one\" data-laptop-col=\"laptop-one\" data-tablet-col=\"tablet-one\" data-mobile-col=\"mobile-one\" style=\"\"   ><div class=\"mcb-wrap-inner mcb-wrap-inner-gf66ay6dq mfn-module-wrapper mfn-wrapper-for-wraps\"  ><div class=\"mcb-wrap-background-overlay\"><\/div><div  class=\"column mcb-column mcb-item-7x4f9fqu one laptop-one tablet-one mobile-one column_button vb-item\" style=\"\" ><div class=\"mcb-column-inner mfn-module-wrapper mcb-column-inner-7x4f9fqu mcb-item-button-inner\"><a class=\"button  button_left button_size_1\" href=\"https:\/\/www.lafiracentrecomercial.com\/ca\/actualitat-2\/\"         title=\"\"><span class=\"button_icon\"><i class=\"icon-left-open\"  aria-hidden=\"true\"><\/i><\/span><span class=\"button_label\">Volver a Actualidad<\/span><\/a>\n<\/div><\/div><\/div><\/div><\/div><\/section><\/div>"},"publishpress_future_workflow_manual_trigger":{"enabledWorkflows":[]},"_links":{"self":[{"href":"https:\/\/www.lafiracentrecomercial.com\/ca\/wp-json\/wp\/v2\/posts\/6661","targetHints":{"allow":["GET"]}}],"collection":[{"href":"https:\/\/www.lafiracentrecomercial.com\/ca\/wp-json\/wp\/v2\/posts"}],"about":[{"href":"https:\/\/www.lafiracentrecomercial.com\/ca\/wp-json\/wp\/v2\/types\/post"}],"author":[{"embeddable":true,"href":"https:\/\/www.lafiracentrecomercial.com\/ca\/wp-json\/wp\/v2\/users\/2"}],"replies":[{"embeddable":true,"href":"https:\/\/www.lafiracentrecomercial.com\/ca\/wp-json\/wp\/v2\/comments?post=6661"}],"version-history":[{"count":3,"href":"https:\/\/www.lafiracentrecomercial.com\/ca\/wp-json\/wp\/v2\/posts\/6661\/revisions"}],"predecessor-version":[{"id":6688,"href":"https:\/\/www.lafiracentrecomercial.com\/ca\/wp-json\/wp\/v2\/posts\/6661\/revisions\/6688"}],"wp:featuredmedia":[{"embeddable":true,"href":"https:\/\/www.lafiracentrecomercial.com\/ca\/wp-json\/wp\/v2\/media\/6666"}],"wp:attachment":[{"href":"https:\/\/www.lafiracentrecomercial.com\/ca\/wp-json\/wp\/v2\/media?parent=6661"}],"wp:term":[{"taxonomy":"category","embeddable":true,"href":"https:\/\/www.lafiracentrecomercial.com\/ca\/wp-json\/wp\/v2\/categories?post=6661"},{"taxonomy":"post_tag","embeddable":true,"href":"https:\/\/www.lafiracentrecomercial.com\/ca\/wp-json\/wp\/v2\/tags?post=6661"}],"curies":[{"name":"wp","href":"https:\/\/api.w.org\/{rel}","templated":true}]}}