{"id":6738,"date":"2025-05-07T09:44:57","date_gmt":"2025-05-07T09:44:57","guid":{"rendered":"https:\/\/www.lafiracentrecomercial.com\/?p=6738"},"modified":"2025-05-07T09:45:00","modified_gmt":"2025-05-07T09:45:00","slug":"estudiants-i-cientifics-es-donen-cita-a-la-fira-en-una-nova-edicio-del-tastet-de-ciencia","status":"publish","type":"post","link":"https:\/\/www.lafiracentrecomercial.com\/ca\/estudiants-i-cientifics-es-donen-cita-a-la-fira-en-una-nova-edicio-del-tastet-de-ciencia\/","title":{"rendered":"Estudiants i cient\u00edfics es donen cita a La Fira en una nova edici\u00f3 del \u2018Tastet de Ci\u00e8ncia\u2019"},"content":{"rendered":"\n<h5 class=\"wp-block-heading\"><\/h5>\n\n\n\n<div style=\"height:30px\" aria-hidden=\"true\" class=\"wp-block-spacer\"><\/div>\n\n\n\n<div style=\"height:30px\" aria-hidden=\"true\" class=\"wp-block-spacer\"><\/div>\n","protected":false},"excerpt":{"rendered":"<p>El centre comercial ser\u00e0 escenari de l&#8217;XI edici\u00f3 del \u2018Tastet de Ci\u00e8ncia\u2019 amb una fira escolar i un cicle de xerrades sobre f\u00edsica qu\u00e0ntica<\/p>\n","protected":false},"author":2,"featured_media":6742,"comment_status":"closed","ping_status":"closed","sticky":false,"template":"","format":"standard","meta":{"footnotes":""},"categories":[],"tags":[],"class_list":["post-6738","post","type-post","status-publish","format-standard","has-post-thumbnail","hentry"],"featured_img_url":"https:\/\/www.lafiracentrecomercial.com\/wp-content\/uploads\/2025\/05\/NOTICIAS-TASTET-2025-640X348-copia.webp","custom_meta":{"contentDirectorios":"","contentAux":"<div data-id=\"6738\" class=\"mfn-builder-content mfn-default-content-buider\"><section class=\"section mcb-section mfn-default-section mcb-section-zya15xmm4 default-width\"   style=\"\" ><div class=\"mcb-background-overlay\"><\/div><div class=\"section_wrapper mfn-wrapper-for-wraps mcb-section-inner mcb-section-inner-zya15xmm4\"><div  class=\"wrap mcb-wrap mcb-wrap-57fgysmgw one tablet-one laptop-one mobile-one vb-item clearfix\" data-desktop-col=\"one\" data-laptop-col=\"laptop-one\" data-tablet-col=\"tablet-one\" data-mobile-col=\"mobile-one\" style=\"\"   ><div class=\"mcb-wrap-inner mcb-wrap-inner-57fgysmgw mfn-module-wrapper mfn-wrapper-for-wraps\"  ><div class=\"mcb-wrap-background-overlay\"><\/div><div  class=\"column mcb-column mcb-item-b93pzwxr one laptop-one tablet-one mobile-one column_heading vb-item\" style=\"\" ><div class=\"mcb-column-inner mfn-module-wrapper mcb-column-inner-b93pzwxr mcb-item-heading-inner\"><h1 class=\"title\">Estudiants i cient\u00edfics es donen cita a La Fira en una nova edici\u00f3 del \u2018Tastet de Ci\u00e8ncia\u2019<\/h1><\/div><\/div><\/div><\/div><\/div><\/section><section class=\"section mcb-section mfn-default-section mcb-section-nclnlo4md default-width\"   style=\"\" ><div class=\"mcb-background-overlay\"><\/div><div class=\"section_wrapper mfn-wrapper-for-wraps mcb-section-inner mcb-section-inner-nclnlo4md\"><div  class=\"wrap mcb-wrap mcb-wrap-n7wicxah one tablet-one laptop-one mobile-one vb-item clearfix\" data-desktop-col=\"one\" data-laptop-col=\"laptop-one\" data-tablet-col=\"tablet-one\" data-mobile-col=\"mobile-one\" style=\"\"   ><div class=\"mcb-wrap-inner mcb-wrap-inner-n7wicxah mfn-module-wrapper mfn-wrapper-for-wraps\"  ><div class=\"mcb-wrap-background-overlay\"><\/div><div  class=\"column mcb-column mcb-item-41rdl25ri one laptop-one tablet-one mobile-one column_divider_2 vb-item\" style=\"\" ><div class=\"mcb-column-inner mfn-module-wrapper mcb-column-inner-41rdl25ri mcb-item-divider_2-inner\"><div class=\"mfn-divider mfn-divider-center\"><div class=\"mfn-divider-inner\"><\/div><\/div>\n<\/div><\/div><\/div><\/div><div  class=\"wrap mcb-wrap mcb-wrap-t76h8yas one tablet-one laptop-one mobile-one vb-item clearfix\" data-desktop-col=\"one\" data-laptop-col=\"laptop-one\" data-tablet-col=\"tablet-one\" data-mobile-col=\"mobile-one\" style=\"\"   ><div class=\"mcb-wrap-inner mcb-wrap-inner-t76h8yas mfn-module-wrapper mfn-wrapper-for-wraps\"  ><div class=\"mcb-wrap-background-overlay\"><\/div><div  class=\"column mcb-column mcb-item-gn9v2tqs one laptop-one tablet-one mobile-one column_column vb-item\" style=\"\" ><div class=\"mcb-column-inner mfn-module-wrapper mcb-column-inner-gn9v2tqs mcb-item-column-inner\"><div class=\"column_attr mfn-inline-editor clearfix\" style=\"\"><h3><strong>El centre comercial ser\u00e0 escenari de l'XI edici\u00f3 del \u2018Tastet de Ci\u00e8ncia\u2019 amb una fira escolar i un cicle de xerrades sobre f\u00edsica qu\u00e0ntica<\/strong><\/h3><\/div><\/div><\/div><div  class=\"column mcb-column mcb-item-jt1jy5han one laptop-one tablet-one mobile-one column_image vb-item\" style=\"\" ><div class=\"mcb-column-inner mfn-module-wrapper mcb-column-inner-jt1jy5han mcb-item-image-inner\"><div class=\"image_frame image_item no_link scale-with-grid element_classes alignnone stretch no_border mfn-img-box\" ><div class=\"image_wrapper\"><img width=\"2560\" height=\"1970\" src=\"https:\/\/www.lafiracentrecomercial.com\/wp-content\/uploads\/2025\/05\/TASTET-24-39-scaled.jpg\" class=\"scale-with-grid\" alt=\"\" style=\"\" decoding=\"async\" srcset=\"https:\/\/www.lafiracentrecomercial.com\/wp-content\/uploads\/2025\/05\/TASTET-24-39-scaled.jpg 2560w, https:\/\/www.lafiracentrecomercial.com\/wp-content\/uploads\/2025\/05\/TASTET-24-39-500x385.jpg 500w, https:\/\/www.lafiracentrecomercial.com\/wp-content\/uploads\/2025\/05\/TASTET-24-39-1200x923.jpg 1200w, https:\/\/www.lafiracentrecomercial.com\/wp-content\/uploads\/2025\/05\/TASTET-24-39-300x231.jpg 300w, https:\/\/www.lafiracentrecomercial.com\/wp-content\/uploads\/2025\/05\/TASTET-24-39-768x591.jpg 768w, https:\/\/www.lafiracentrecomercial.com\/wp-content\/uploads\/2025\/05\/TASTET-24-39-1536x1182.jpg 1536w, https:\/\/www.lafiracentrecomercial.com\/wp-content\/uploads\/2025\/05\/TASTET-24-39-2048x1576.jpg 2048w, https:\/\/www.lafiracentrecomercial.com\/wp-content\/uploads\/2025\/05\/TASTET-24-39-97x75.jpg 97w, https:\/\/www.lafiracentrecomercial.com\/wp-content\/uploads\/2025\/05\/TASTET-24-39-480x369.jpg 480w\" sizes=\"(max-width:767px) 480px, (max-width:2560px) 100vw, 2560px\" \/><\/div><\/div>\n<\/div><\/div><div  class=\"column mcb-column mcb-item-lw7l0bcoq one laptop-one tablet-one mobile-one column_column vb-item\" style=\"\" ><div class=\"mcb-column-inner mfn-module-wrapper mcb-column-inner-lw7l0bcoq mcb-item-column-inner\"><div class=\"column_attr mfn-inline-editor clearfix\" style=\"\"><p>La Fira Centre Comercial tornar\u00e0 a convertir-se en un aparador per a la divulgaci\u00f3 cient\u00edfica amb la celebraci\u00f3 de l\u2019onzena edici\u00f3 del \u2018Tastet de Ci\u00e8ncia\u2019, una fira organitzada pels Serveis Territorials del Baix Camp del Departament d\u2019Educaci\u00f3. La jornada, que tindr\u00e0 lloc el proper 8 de maig, reunir\u00e0 estudiants, professorat i ciutadania al voltant d\u2019una programaci\u00f3 que combina experimentaci\u00f3, coneixement i vocaci\u00f3 cient\u00edfica.<\/p>\n<p>La cita comen\u00e7ar\u00e0 a les 10:00 h a la planta segona del centre comercial, on s\u2019instal\u00b7lar\u00e0 la fira protagonitzada per alumnat de deu centres educatius del territori: Institut Roseta Mauri, Institut d\u2019Horticultura i Jardineria, Escola Teresa Miquel i P\u00e0mies, Escola Els Ganxets, INS Salvador Vilaseca, INS Joan Guinjoan i Gispert, Cor de Maria de Valls, Escola Montsant, Escola Prat de la Riba, INS Gaud\u00ed. A trav\u00e9s d\u2019exposicions, demostracions pr\u00e0ctiques i projectes tecnol\u00f2gics, uns 250 alumnes compartiran amb el p\u00fablic els treballs desenvolupats durant el curs en l\u2019\u00e0mbit de les ci\u00e8ncies, les matem\u00e0tiques i la tecnologia. La fira est\u00e0 oberta a tota la ciutadania i especialment pensada per a estudiants, docents i fam\u00edlies interessades a con\u00e8ixer de prop com es treballa la ci\u00e8ncia a les aules..<\/p>\n<p>La Fira Centre Comercial col\u00b7labora des de fa anys amb el \u2018Tastet de Ci\u00e8ncia\u2019 com a part del seu comprom\u00eds amb l\u2019educaci\u00f3, el coneixement i la participaci\u00f3 ciutadana. A trav\u00e9s d\u2019esdeveniments com aquest, el centre refor\u00e7a el seu paper com a espai dinamitzador en l\u2019\u00e0mbit local, integrant propostes que combinen lleure, cultura i formaci\u00f3 per a tots els p\u00fablics.<\/p><\/div><\/div><\/div><\/div><\/div><div  class=\"wrap mcb-wrap mcb-wrap-6cpan9fzo one-second tablet-one-second laptop-one-second mobile-one vb-item clearfix\" data-desktop-col=\"one-second\" data-laptop-col=\"laptop-one-second\" data-tablet-col=\"tablet-one-second\" data-mobile-col=\"mobile-one\" style=\"\"   ><div class=\"mcb-wrap-inner mcb-wrap-inner-6cpan9fzo mfn-module-wrapper mfn-wrapper-for-wraps\"  ><div class=\"mcb-wrap-background-overlay\"><\/div><\/div><\/div><div  class=\"wrap mcb-wrap mcb-wrap-1f11nuaob divider   mobile-one vb-item clearfix\" data-desktop-col=\"divider\" data-laptop-col=\"\" data-tablet-col=\"\" data-mobile-col=\"mobile-one\" style=\"\"   ><div class=\"mcb-wrap-inner mcb-wrap-inner-1f11nuaob mfn-module-wrapper mfn-wrapper-for-wraps\"  ><div class=\"mcb-wrap-background-overlay\"><\/div><\/div><\/div><div  class=\"wrap mcb-wrap mcb-wrap-jxwweexfr divider   mobile-one vb-item clearfix\" data-desktop-col=\"divider\" data-laptop-col=\"\" data-tablet-col=\"\" data-mobile-col=\"mobile-one\" style=\"\"   ><div class=\"mcb-wrap-inner mcb-wrap-inner-jxwweexfr mfn-module-wrapper mfn-wrapper-for-wraps\"  ><div class=\"mcb-wrap-background-overlay\"><\/div><\/div><\/div><\/div><\/section><section class=\"section mcb-section mfn-default-section mcb-section-xya0k15k default-width\"   style=\"\" ><div class=\"mcb-background-overlay\"><\/div><div class=\"section_wrapper mfn-wrapper-for-wraps mcb-section-inner mcb-section-inner-xya0k15k\"><div  class=\"wrap mcb-wrap mcb-wrap-8wxqoc7gp one-second tablet-one-second laptop-one-second mobile-one vb-item clearfix\" data-desktop-col=\"one-second\" data-laptop-col=\"laptop-one-second\" data-tablet-col=\"tablet-one-second\" data-mobile-col=\"mobile-one\" style=\"\"   ><div class=\"mcb-wrap-inner mcb-wrap-inner-8wxqoc7gp mfn-module-wrapper mfn-wrapper-for-wraps\"  ><div class=\"mcb-wrap-background-overlay\"><\/div><\/div><\/div><\/div><\/section><section class=\"section mcb-section mfn-default-section mcb-section-og5fq3h4p default-width\"   style=\"\" ><div class=\"mcb-background-overlay\"><\/div><div class=\"section_wrapper mfn-wrapper-for-wraps mcb-section-inner mcb-section-inner-og5fq3h4p\"><div  class=\"wrap mcb-wrap mcb-wrap-gf66ay6dq one tablet-one laptop-one mobile-one vb-item clearfix\" data-desktop-col=\"one\" data-laptop-col=\"laptop-one\" data-tablet-col=\"tablet-one\" data-mobile-col=\"mobile-one\" style=\"\"   ><div class=\"mcb-wrap-inner mcb-wrap-inner-gf66ay6dq mfn-module-wrapper mfn-wrapper-for-wraps\"  ><div class=\"mcb-wrap-background-overlay\"><\/div><div  class=\"column mcb-column mcb-item-7x4f9fqu one laptop-one tablet-one mobile-one column_button vb-item\" style=\"\" ><div class=\"mcb-column-inner mfn-module-wrapper mcb-column-inner-7x4f9fqu mcb-item-button-inner\"><a class=\"button  button_left button_size_1\" href=\"https:\/\/www.lafiracentrecomercial.com\/es\/actualidad-sin-filtros\/\"         title=\"\"><span class=\"button_icon\"><i class=\"icon-left-open\"  aria-hidden=\"true\"><\/i><\/span><span class=\"button_label\">Volver a Actualidad<\/span><\/a>\n<\/div><\/div><\/div><\/div><\/div><\/section><\/div>"},"publishpress_future_workflow_manual_trigger":{"enabledWorkflows":[]},"_links":{"self":[{"href":"https:\/\/www.lafiracentrecomercial.com\/ca\/wp-json\/wp\/v2\/posts\/6738","targetHints":{"allow":["GET"]}}],"collection":[{"href":"https:\/\/www.lafiracentrecomercial.com\/ca\/wp-json\/wp\/v2\/posts"}],"about":[{"href":"https:\/\/www.lafiracentrecomercial.com\/ca\/wp-json\/wp\/v2\/types\/post"}],"author":[{"embeddable":true,"href":"https:\/\/www.lafiracentrecomercial.com\/ca\/wp-json\/wp\/v2\/users\/2"}],"replies":[{"embeddable":true,"href":"https:\/\/www.lafiracentrecomercial.com\/ca\/wp-json\/wp\/v2\/comments?post=6738"}],"version-history":[{"count":2,"href":"https:\/\/www.lafiracentrecomercial.com\/ca\/wp-json\/wp\/v2\/posts\/6738\/revisions"}],"predecessor-version":[{"id":6744,"href":"https:\/\/www.lafiracentrecomercial.com\/ca\/wp-json\/wp\/v2\/posts\/6738\/revisions\/6744"}],"wp:featuredmedia":[{"embeddable":true,"href":"https:\/\/www.lafiracentrecomercial.com\/ca\/wp-json\/wp\/v2\/media\/6742"}],"wp:attachment":[{"href":"https:\/\/www.lafiracentrecomercial.com\/ca\/wp-json\/wp\/v2\/media?parent=6738"}],"wp:term":[{"taxonomy":"category","embeddable":true,"href":"https:\/\/www.lafiracentrecomercial.com\/ca\/wp-json\/wp\/v2\/categories?post=6738"},{"taxonomy":"post_tag","embeddable":true,"href":"https:\/\/www.lafiracentrecomercial.com\/ca\/wp-json\/wp\/v2\/tags?post=6738"}],"curies":[{"name":"wp","href":"https:\/\/api.w.org\/{rel}","templated":true}]}}