{"id":7475,"date":"2025-11-27T08:32:41","date_gmt":"2025-11-27T08:32:41","guid":{"rendered":"https:\/\/www.lafiracentrecomercial.com\/?p=7475"},"modified":"2025-11-28T13:05:31","modified_gmt":"2025-11-28T13:05:31","slug":"calendari-dadvent-24-dies-24-premis","status":"publish","type":"post","link":"https:\/\/www.lafiracentrecomercial.com\/ca\/calendari-dadvent-24-dies-24-premis\/","title":{"rendered":"CALENDARI D\u2019ADVENT: 24 DIES, 24 PREMIS"},"content":{"rendered":"\n<h5 class=\"wp-block-heading\"><\/h5>\n\n\n\n<div style=\"height:30px\" aria-hidden=\"true\" class=\"wp-block-spacer\"><\/div>\n\n\n\n<div style=\"height:30px\" aria-hidden=\"true\" class=\"wp-block-spacer\"><\/div>\n\n\n\n<p><\/p>\n","protected":false},"excerpt":{"rendered":"<p>La novetat d\u2019aquest Nadal ser\u00e0 la realitzaci\u00f3 del Calendari d\u2019Advent de La Fira, que repartir\u00e0 regals cada dia amb la finalitat de premiar la fidelitat i confian\u00e7a dels visitants.<\/p>\n","protected":false},"author":2,"featured_media":7479,"comment_status":"closed","ping_status":"closed","sticky":false,"template":"","format":"standard","meta":{"footnotes":""},"categories":[133,116],"tags":[],"class_list":["post-7475","post","type-post","status-publish","format-standard","has-post-thumbnail","hentry","category-events","category-sin-categorizar-2"],"featured_img_url":"https:\/\/www.lafiracentrecomercial.com\/wp-content\/uploads\/2025\/11\/NOTICIAS-WEB-640X348-CALENDARI.webp","custom_meta":{"contentDirectorios":"","contentAux":"<div data-id=\"7475\" class=\"mfn-builder-content mfn-default-content-buider\"><section class=\"section mcb-section mfn-default-section mcb-section-zya15xmm4 default-width\"   style=\"\" ><div class=\"mcb-background-overlay\"><\/div><div class=\"section_wrapper mfn-wrapper-for-wraps mcb-section-inner mcb-section-inner-zya15xmm4\"><div  class=\"wrap mcb-wrap mcb-wrap-57fgysmgw one tablet-one laptop-one mobile-one vb-item clearfix\" data-desktop-col=\"one\" data-laptop-col=\"laptop-one\" data-tablet-col=\"tablet-one\" data-mobile-col=\"mobile-one\" style=\"\"   ><div class=\"mcb-wrap-inner mcb-wrap-inner-57fgysmgw mfn-module-wrapper mfn-wrapper-for-wraps\"  ><div class=\"mcb-wrap-background-overlay\"><\/div><div  class=\"column mcb-column mcb-item-b93pzwxr one laptop-one tablet-one mobile-one column_heading vb-item\" style=\"\" ><div class=\"mcb-column-inner mfn-module-wrapper mcb-column-inner-b93pzwxr mcb-item-heading-inner\"><h1 class=\"title\">CALENDARI D\u2019ADVENT: 24 DIES, 24 PREMIS<\/h1><\/div><\/div><\/div><\/div><\/div><\/section><section class=\"section mcb-section mfn-default-section mcb-section-nclnlo4md default-width\"   style=\"\" ><div class=\"mcb-background-overlay\"><\/div><div class=\"section_wrapper mfn-wrapper-for-wraps mcb-section-inner mcb-section-inner-nclnlo4md\"><div  class=\"wrap mcb-wrap mcb-wrap-n7wicxah one tablet-one laptop-one mobile-one vb-item clearfix\" data-desktop-col=\"one\" data-laptop-col=\"laptop-one\" data-tablet-col=\"tablet-one\" data-mobile-col=\"mobile-one\" style=\"\"   ><div class=\"mcb-wrap-inner mcb-wrap-inner-n7wicxah mfn-module-wrapper mfn-wrapper-for-wraps\"  ><div class=\"mcb-wrap-background-overlay\"><\/div><div  class=\"column mcb-column mcb-item-41rdl25ri one laptop-one tablet-one mobile-one column_divider_2 vb-item\" style=\"\" ><div class=\"mcb-column-inner mfn-module-wrapper mcb-column-inner-41rdl25ri mcb-item-divider_2-inner\"><div class=\"mfn-divider mfn-divider-center\"><div class=\"mfn-divider-inner\"><\/div><\/div>\n<\/div><\/div><\/div><\/div><div  class=\"wrap mcb-wrap mcb-wrap-t76h8yas one tablet-one laptop-one mobile-one vb-item clearfix\" data-desktop-col=\"one\" data-laptop-col=\"laptop-one\" data-tablet-col=\"tablet-one\" data-mobile-col=\"mobile-one\" style=\"\"   ><div class=\"mcb-wrap-inner mcb-wrap-inner-t76h8yas mfn-module-wrapper mfn-wrapper-for-wraps\"  ><div class=\"mcb-wrap-background-overlay\"><\/div><div  class=\"column mcb-column mcb-item-qqd0kox one laptop-one tablet-one mobile-one column_image vb-item\" style=\"\" ><div class=\"mcb-column-inner mfn-module-wrapper mcb-column-inner-qqd0kox mcb-item-image-inner\"><div class=\"image_frame image_item no_link scale-with-grid element_classes alignnone stretch no_border mfn-img-box\" ><div class=\"image_wrapper\"><img width=\"1920\" height=\"1080\" src=\"https:\/\/www.lafiracentrecomercial.com\/wp-content\/uploads\/2025\/11\/WEB-CALENDARIO-ADVIENTO-NAVIDAD-LA-FIRA-copia.jpg\" class=\"scale-with-grid\" alt=\"\" style=\"\" decoding=\"async\" srcset=\"https:\/\/www.lafiracentrecomercial.com\/wp-content\/uploads\/2025\/11\/WEB-CALENDARIO-ADVIENTO-NAVIDAD-LA-FIRA-copia.jpg 1920w, https:\/\/www.lafiracentrecomercial.com\/wp-content\/uploads\/2025\/11\/WEB-CALENDARIO-ADVIENTO-NAVIDAD-LA-FIRA-copia-500x281.jpg 500w, https:\/\/www.lafiracentrecomercial.com\/wp-content\/uploads\/2025\/11\/WEB-CALENDARIO-ADVIENTO-NAVIDAD-LA-FIRA-copia-1200x675.jpg 1200w, https:\/\/www.lafiracentrecomercial.com\/wp-content\/uploads\/2025\/11\/WEB-CALENDARIO-ADVIENTO-NAVIDAD-LA-FIRA-copia-300x169.jpg 300w, https:\/\/www.lafiracentrecomercial.com\/wp-content\/uploads\/2025\/11\/WEB-CALENDARIO-ADVIENTO-NAVIDAD-LA-FIRA-copia-768x432.jpg 768w, https:\/\/www.lafiracentrecomercial.com\/wp-content\/uploads\/2025\/11\/WEB-CALENDARIO-ADVIENTO-NAVIDAD-LA-FIRA-copia-1536x864.jpg 1536w, https:\/\/www.lafiracentrecomercial.com\/wp-content\/uploads\/2025\/11\/WEB-CALENDARIO-ADVIENTO-NAVIDAD-LA-FIRA-copia-133x75.jpg 133w, https:\/\/www.lafiracentrecomercial.com\/wp-content\/uploads\/2025\/11\/WEB-CALENDARIO-ADVIENTO-NAVIDAD-LA-FIRA-copia-480x270.jpg 480w\" sizes=\"(max-width:767px) 480px, (max-width:1920px) 100vw, 1920px\" \/><\/div><\/div>\n<\/div><\/div><\/div><\/div><div  class=\"wrap mcb-wrap mcb-wrap-1f11nuaob divider   mobile-one vb-item clearfix\" data-desktop-col=\"divider\" data-laptop-col=\"\" data-tablet-col=\"\" data-mobile-col=\"mobile-one\" style=\"\"   ><div class=\"mcb-wrap-inner mcb-wrap-inner-1f11nuaob mfn-module-wrapper mfn-wrapper-for-wraps\"  ><div class=\"mcb-wrap-background-overlay\"><\/div><\/div><\/div><\/div><\/section><section class=\"section mcb-section mfn-default-section mcb-section-1bvwhgh\"   style=\"\" ><div class=\"mcb-background-overlay\"><\/div><div class=\"section_wrapper mfn-wrapper-for-wraps mcb-section-inner mcb-section-inner-1bvwhgh\"><div  class=\"wrap mcb-wrap mcb-wrap-a75w7xo one-second tablet-one-second laptop-one-second mobile-one vb-item clearfix\" data-desktop-col=\"one-second\" data-laptop-col=\"laptop-one-second\" data-tablet-col=\"tablet-one-second\" data-mobile-col=\"mobile-one\" style=\"\"   ><div class=\"mcb-wrap-inner mcb-wrap-inner-a75w7xo mfn-module-wrapper mfn-wrapper-for-wraps\"  ><div class=\"mcb-wrap-background-overlay\"><\/div><div  class=\"column mcb-column mcb-item-lw7l0bcoq one laptop-one tablet-one mobile-one column_column vb-item\" style=\"\" ><div class=\"mcb-column-inner mfn-module-wrapper mcb-column-inner-lw7l0bcoq mcb-item-column-inner\"><div class=\"column_attr mfn-inline-editor clearfix\" style=\"\"><p><b>Des de La Fira Centre Comercial de Reus&nbsp;<\/b>hem<b>&nbsp;<\/b>preparat per aquest Nadal una iniciativa molt especial. Es tracta del concurs del&nbsp;<strong>Calendari d\u2019Advent de La Fira<\/strong>, que repartir\u00e0 regals cada dia per premiar la fidelitat i confian\u00e7a dels nostres visitants amb qui volem compartir la m\u00e0gia d'aquests dies tan especials. <strong>De l\u20191 al 24 de desembre<\/strong>, els clients amb un tiquet de compra igual o superior a 20 euros de qualsevol dels establiments del centre comercial podreu participar en un <strong>sorteig diari i endur-vos fant\u00e0stics premis<\/strong>.<\/p>\n<p>Nom\u00e9s hauran de presentar el tiquet al <strong>Punt d\u2019Atenci\u00f3 al Client<\/strong> (situat a la Planta Carrer) i podreu guanyar algun dels nombrosos premis que tenim preparats com <strong>vals de compra, descomptes, cistelles de Nadal, entrades o tractaments de bellesa, entre moltes altres sorpreses<\/strong>.<\/p>\n<p>Els premis es donaran a con\u00e8ixer cada dia a trav\u00e9s de les diferents plataformes digitals i en el calendari d'advent f\u00edsic que podreu trobar a La Fira. A continuaci\u00f3 us mostrem les marques que participen d'aquesta gran campanya de Nadal i a les quals volem agrair enormement la seva col\u00b7laboraci\u00f3.&nbsp;<\/p><p>Us esperem a tots. Bona sort!<\/p><\/div><\/div><\/div><div  class=\"wrap mcb-wrap mcb-wrap-6cpan9fzo one-second tablet-one-second laptop-one-second mobile-one mfn-nested-wrap vb-item clearfix\" data-desktop-col=\"one-second\" data-laptop-col=\"laptop-one-second\" data-tablet-col=\"tablet-one-second\" data-mobile-col=\"mobile-one\" style=\"\"   ><div class=\"mcb-wrap-inner mcb-wrap-inner-6cpan9fzo mfn-module-wrapper mfn-wrapper-for-wraps\"  ><div class=\"mcb-wrap-background-overlay\"><\/div><div  class=\"column mcb-column mcb-item-6ao74dn4 one laptop-one tablet-one mobile-one column_button vb-item\" style=\"\" ><div class=\"mcb-column-inner mfn-module-wrapper mcb-column-inner-6ao74dn4 mcb-item-button-inner\"><a class=\"button  button_size_2\" href=\"https:\/\/www.lafiracentrecomercial.com\/wp-content\/uploads\/2025\/11\/BASES-LEGALS-CALENDARI-ADVENT.pdf\"         title=\"\"><span class=\"button_label\">BASES LEGALS<\/span><\/a>\n<\/div><\/div><\/div><\/div><\/div><\/div><div  class=\"wrap mcb-wrap mcb-wrap-8dseq1be one-second tablet-one-second laptop-one-second mobile-one vb-item clearfix\" data-desktop-col=\"one-second\" data-laptop-col=\"laptop-one-second\" data-tablet-col=\"tablet-one-second\" data-mobile-col=\"mobile-one\" style=\"\"   ><div class=\"mcb-wrap-inner mcb-wrap-inner-8dseq1be mfn-module-wrapper mfn-wrapper-for-wraps\"  ><div class=\"mcb-wrap-background-overlay\"><\/div><div  class=\"column mcb-column mcb-item-fs7jxkla one laptop-one tablet-one mobile-one column_image vb-item\" style=\"\" ><div class=\"mcb-column-inner mfn-module-wrapper mcb-column-inner-fs7jxkla mcb-item-image-inner\"><div class=\"image_frame image_item no_link scale-with-grid element_classes alignnone no_border mfn-img-box\" ><div class=\"image_wrapper\"><img width=\"1080\" height=\"1350\" src=\"https:\/\/www.lafiracentrecomercial.com\/wp-content\/uploads\/2025\/11\/POST-LOGOS-CALENDARIO-ADVIENTO-NAVIDAD-LA-FIRA-1.jpg\" class=\"scale-with-grid\" alt=\"\" style=\"\" decoding=\"async\" srcset=\"https:\/\/www.lafiracentrecomercial.com\/wp-content\/uploads\/2025\/11\/POST-LOGOS-CALENDARIO-ADVIENTO-NAVIDAD-LA-FIRA-1.jpg 1080w, https:\/\/www.lafiracentrecomercial.com\/wp-content\/uploads\/2025\/11\/POST-LOGOS-CALENDARIO-ADVIENTO-NAVIDAD-LA-FIRA-1-400x500.jpg 400w, https:\/\/www.lafiracentrecomercial.com\/wp-content\/uploads\/2025\/11\/POST-LOGOS-CALENDARIO-ADVIENTO-NAVIDAD-LA-FIRA-1-960x1200.jpg 960w, https:\/\/www.lafiracentrecomercial.com\/wp-content\/uploads\/2025\/11\/POST-LOGOS-CALENDARIO-ADVIENTO-NAVIDAD-LA-FIRA-1-240x300.jpg 240w, https:\/\/www.lafiracentrecomercial.com\/wp-content\/uploads\/2025\/11\/POST-LOGOS-CALENDARIO-ADVIENTO-NAVIDAD-LA-FIRA-1-768x960.jpg 768w, https:\/\/www.lafiracentrecomercial.com\/wp-content\/uploads\/2025\/11\/POST-LOGOS-CALENDARIO-ADVIENTO-NAVIDAD-LA-FIRA-1-60x75.jpg 60w, https:\/\/www.lafiracentrecomercial.com\/wp-content\/uploads\/2025\/11\/POST-LOGOS-CALENDARIO-ADVIENTO-NAVIDAD-LA-FIRA-1-480x600.jpg 480w\" sizes=\"(max-width:767px) 480px, (max-width:1080px) 100vw, 1080px\" \/><\/div><\/div>\n<\/div><\/div><\/div><\/div><\/div><\/section><section class=\"section mcb-section mfn-default-section mcb-section-og5fq3h4p default-width\"   style=\"\" ><div class=\"mcb-background-overlay\"><\/div><div class=\"section_wrapper mfn-wrapper-for-wraps mcb-section-inner mcb-section-inner-og5fq3h4p\"><div  class=\"wrap mcb-wrap mcb-wrap-gf66ay6dq one tablet-one laptop-one mobile-one vb-item clearfix\" data-desktop-col=\"one\" data-laptop-col=\"laptop-one\" data-tablet-col=\"tablet-one\" data-mobile-col=\"mobile-one\" style=\"\"   ><div class=\"mcb-wrap-inner mcb-wrap-inner-gf66ay6dq mfn-module-wrapper mfn-wrapper-for-wraps\"  ><div class=\"mcb-wrap-background-overlay\"><\/div><div  class=\"wrap mcb-wrap mcb-wrap-jxwweexfr divider   mobile-one mfn-nested-wrap vb-item clearfix\" data-desktop-col=\"divider\" data-laptop-col=\"\" data-tablet-col=\"\" data-mobile-col=\"mobile-one\" style=\"\"   ><div class=\"mcb-wrap-inner mcb-wrap-inner-jxwweexfr mfn-module-wrapper mfn-wrapper-for-wraps\"  ><div class=\"mcb-wrap-background-overlay\"><\/div><\/div><\/div><div  class=\"column mcb-column mcb-item-7x4f9fqu one laptop-one tablet-one mobile-one column_button vb-item\" style=\"\" ><div class=\"mcb-column-inner mfn-module-wrapper mcb-column-inner-7x4f9fqu mcb-item-button-inner\"><a class=\"button  button_left button_size_1\" href=\"https:\/\/www.lafiracentrecomercial.com\/es\/actualidad-sin-filtros\/\"         title=\"\"><span class=\"button_icon\"><i class=\"icon-left-open\"  aria-hidden=\"true\"><\/i><\/span><span class=\"button_label\">Volver a Actualidad<\/span><\/a>\n<\/div><\/div><\/div><\/div><\/div><\/section><\/div>"},"publishpress_future_workflow_manual_trigger":{"enabledWorkflows":[]},"_links":{"self":[{"href":"https:\/\/www.lafiracentrecomercial.com\/ca\/wp-json\/wp\/v2\/posts\/7475","targetHints":{"allow":["GET"]}}],"collection":[{"href":"https:\/\/www.lafiracentrecomercial.com\/ca\/wp-json\/wp\/v2\/posts"}],"about":[{"href":"https:\/\/www.lafiracentrecomercial.com\/ca\/wp-json\/wp\/v2\/types\/post"}],"author":[{"embeddable":true,"href":"https:\/\/www.lafiracentrecomercial.com\/ca\/wp-json\/wp\/v2\/users\/2"}],"replies":[{"embeddable":true,"href":"https:\/\/www.lafiracentrecomercial.com\/ca\/wp-json\/wp\/v2\/comments?post=7475"}],"version-history":[{"count":2,"href":"https:\/\/www.lafiracentrecomercial.com\/ca\/wp-json\/wp\/v2\/posts\/7475\/revisions"}],"predecessor-version":[{"id":7488,"href":"https:\/\/www.lafiracentrecomercial.com\/ca\/wp-json\/wp\/v2\/posts\/7475\/revisions\/7488"}],"wp:featuredmedia":[{"embeddable":true,"href":"https:\/\/www.lafiracentrecomercial.com\/ca\/wp-json\/wp\/v2\/media\/7479"}],"wp:attachment":[{"href":"https:\/\/www.lafiracentrecomercial.com\/ca\/wp-json\/wp\/v2\/media?parent=7475"}],"wp:term":[{"taxonomy":"category","embeddable":true,"href":"https:\/\/www.lafiracentrecomercial.com\/ca\/wp-json\/wp\/v2\/categories?post=7475"},{"taxonomy":"post_tag","embeddable":true,"href":"https:\/\/www.lafiracentrecomercial.com\/ca\/wp-json\/wp\/v2\/tags?post=7475"}],"curies":[{"name":"wp","href":"https:\/\/api.w.org\/{rel}","templated":true}]}}