{"id":6122,"date":"2024-12-13T20:39:08","date_gmt":"2024-12-13T20:39:08","guid":{"rendered":"https:\/\/www.lafiracentrecomercial.com\/?p=6122"},"modified":"2025-03-21T16:49:01","modified_gmt":"2025-03-21T16:49:01","slug":"la-fira-inaugura-geek-atmosphere-el-nuevo-paraiso-para-los-fanaticos-de-la-cultura-pop-6122","status":"publish","type":"post","link":"https:\/\/www.lafiracentrecomercial.com\/es\/la-fira-inaugura-geek-atmosphere-el-nuevo-paraiso-para-los-fanaticos-de-la-cultura-pop-6122\/","title":{"rendered":"La Fira inaugura Geek Atmosphere, el nuevo para\u00edso para los fan\u00e1ticos de la cultura pop"},"content":{"rendered":"\n<h5 class=\"wp-block-heading\"><\/h5>\n\n\n\n<div style=\"height:30px\" aria-hidden=\"true\" class=\"wp-block-spacer\"><\/div>\n\n\n\n<div style=\"height:30px\" aria-hidden=\"true\" class=\"wp-block-spacer\"><\/div>\n","protected":false},"excerpt":{"rendered":"<p>La tienda ofrece una variada gama de productos licenciados de las franquicias m\u00e1s ic\u00f3nicas del cine y la cultura pop, como Harry Potter, Marvel, Star Wars y Disney<\/p>\n","protected":false},"author":2,"featured_media":6136,"comment_status":"closed","ping_status":"closed","sticky":false,"template":"","format":"standard","meta":{"footnotes":""},"categories":[122],"tags":[118],"class_list":["post-6122","post","type-post","status-publish","format-standard","has-post-thumbnail","hentry","category-tiendas","tag-tiendas"],"featured_img_url":"https:\/\/www.lafiracentrecomercial.com\/wp-content\/uploads\/2024\/12\/Geek.webp","custom_meta":{"contentDirectorios":"","contentAux":"<div data-id=\"6122\" class=\"mfn-builder-content mfn-default-content-buider\"><section class=\"section mcb-section mfn-default-section mcb-section-zya15xmm4\"   style=\"\" ><div class=\"mcb-background-overlay\"><\/div><div class=\"section_wrapper mfn-wrapper-for-wraps mcb-section-inner mcb-section-inner-zya15xmm4\"><div  class=\"wrap mcb-wrap mcb-wrap-57fgysmgw one tablet-one laptop-one mobile-one vb-item clearfix\" data-desktop-col=\"one\" data-laptop-col=\"laptop-one\" data-tablet-col=\"tablet-one\" data-mobile-col=\"mobile-one\" style=\"\"   ><div class=\"mcb-wrap-inner mcb-wrap-inner-57fgysmgw mfn-module-wrapper mfn-wrapper-for-wraps\"  ><div class=\"mcb-wrap-background-overlay\"><\/div><div  class=\"column mcb-column mcb-item-b93pzwxr one laptop-one tablet-one mobile-one column_heading vb-item\" style=\"\" ><div class=\"mcb-column-inner mfn-module-wrapper mcb-column-inner-b93pzwxr mcb-item-heading-inner\"><h1 class=\"title\">La Fira inaugura Geek Atmosphere, el nuevo para\u00edso para los fan\u00e1ticos de la cultura pop<\/h1><\/div><\/div><\/div><\/div><\/div><\/section><section class=\"section mcb-section mfn-default-section mcb-section-nclnlo4md\"   style=\"\" ><div class=\"mcb-background-overlay\"><\/div><div class=\"section_wrapper mfn-wrapper-for-wraps mcb-section-inner mcb-section-inner-nclnlo4md\"><div  class=\"wrap mcb-wrap mcb-wrap-n7wicxah one tablet-one laptop-one mobile-one vb-item clearfix\" data-desktop-col=\"one\" data-laptop-col=\"laptop-one\" data-tablet-col=\"tablet-one\" data-mobile-col=\"mobile-one\" style=\"\"   ><div class=\"mcb-wrap-inner mcb-wrap-inner-n7wicxah mfn-module-wrapper mfn-wrapper-for-wraps\"  ><div class=\"mcb-wrap-background-overlay\"><\/div><div  class=\"column mcb-column mcb-item-41rdl25ri one laptop-one tablet-one mobile-one column_divider_2 vb-item\" style=\"\" ><div class=\"mcb-column-inner mfn-module-wrapper mcb-column-inner-41rdl25ri mcb-item-divider_2-inner\"><div class=\"mfn-divider mfn-divider-center\"><div class=\"mfn-divider-inner\"><\/div><\/div>\n<\/div><\/div><\/div><\/div><div  class=\"wrap mcb-wrap mcb-wrap-t76h8yas one tablet-one laptop-one mobile-one vb-item clearfix\" data-desktop-col=\"one\" data-laptop-col=\"laptop-one\" data-tablet-col=\"tablet-one\" data-mobile-col=\"mobile-one\" style=\"\"   ><div class=\"mcb-wrap-inner mcb-wrap-inner-t76h8yas mfn-module-wrapper mfn-wrapper-for-wraps\"  ><div class=\"mcb-wrap-background-overlay\"><\/div><div  class=\"column mcb-column mcb-item-2kgg0kqo one laptop-one tablet-one mobile-one column_column vb-item\" style=\"\" ><div class=\"mcb-column-inner mfn-module-wrapper mcb-column-inner-2kgg0kqo mcb-item-column-inner\"><div class=\"column_attr mfn-inline-editor clearfix\" style=\"\"><ul>\n<li>\n<h3><strong>La tienda ofrece una variada gama de productos licenciados de las franquicias m\u00e1s ic\u00f3nicas del cine y la cultura pop, como Harry Potter, Marvel, Star Wars y Disney<\/strong><\/h3>\n<\/li>\n<li>\n<h3><strong>El nuevo establecimiento cuenta con 258 m\u00b2 y est\u00e1 ubicado en la planta baja del Centro Comercial<\/strong><\/h3>\n<\/li>\n<\/ul><\/div><\/div><\/div><div  class=\"column mcb-column mcb-item-gn9v2tqs one laptop-one tablet-one mobile-one column_column vb-item\" style=\"\" ><div class=\"mcb-column-inner mfn-module-wrapper mcb-column-inner-gn9v2tqs mcb-item-column-inner\"><div class=\"column_attr mfn-inline-editor clearfix\" style=\"\"><p>El <strong>Centro Comercial La Fira<\/strong> en Reus ampl\u00eda su oferta comercial con la apertura de <strong><a href=\"https:\/\/www.lafiracentrecomercial.com\/es\/portfolio-item\/geek-atmosphere\/\">Geek Atmosphere<\/a><\/strong>, una nueva tienda de 258 m\u00b2 dedicada a los amantes del coleccionismo y la cultura geek. Esta incorporaci\u00f3n se convierte en un punto de atracci\u00f3n clave para los seguidores de sagas ic\u00f3nicas como <strong>Harry Potter, Marvel, Star Wars y Disney<\/strong>, ofreciendo una amplia selecci\u00f3n de productos licenciados y exclusivos.<\/p><p>Ubicada en la planta baja de <strong>La Fira Centro Comercial<\/strong>, Geek Atmosphere ofrece una <strong>experiencia de compra \u00fanica<\/strong>. Entre sus productos destacan figuras de colecci\u00f3n, ropa tem\u00e1tica y accesorios dise\u00f1ados para los fans m\u00e1s fieles de la cultura pop. Con un dise\u00f1o innovador y una propuesta variada, esta tienda se posiciona como un destino imprescindible para los amantes del coleccionismo en <strong>Reus<\/strong> y sus alrededores.<\/p><p>La inauguraci\u00f3n de Geek Atmosphere se celebrar\u00e1 esta misma tarde, ofreciendo un espacio donde la pasi\u00f3n por el coleccionismo y la cultura geek se une a una experiencia de compra \u00fanica. Esta apertura refuerza el compromiso de <strong>La Fira Centro Comercial<\/strong> de ofrecer propuestas innovadoras en moda, ocio y entretenimiento en la provincia de Tarragona, consolid\u00e1ndose como un referente para toda la familia.<\/p><h3><strong>Nuevas experiencias, nuevos visitantes en La Fira<\/strong><\/h3><p>Patricia Perugini, gerente del centro comercial, comenta: <em>\"Geek Atmosphere enriquece nuestra oferta comercial y refuerza el car\u00e1cter diverso e innovador de La Fira. Esta tienda atraer\u00e1 a los fan\u00e1ticos del coleccionismo y la cultura pop, ofreci\u00e9ndoles un espacio \u00fanico donde disfrutar de su pasi\u00f3n\".<\/em><\/p><p>Por su parte, Jos\u00e9 Franch, director y cofundador de Geek Atmosphere, declara: <em>\"Estamos muy emocionados de abrir nuestra nueva tienda en La Fira, un centro perfecto para conectar con los apasionados de la cultura geek. Nuestro objetivo es ofrecer productos exclusivos y experiencias que cautiven a nuestros clientes\".<\/em><\/p><p>Con la llegada de <a href=\"https:\/\/www.geekatmosphere.com\/\">Geek Atmosphere<\/a>, <strong>La Fira Centro Comercial<\/strong> contin\u00faa consolid\u00e1ndose como un destino de referencia en <strong>Reus<\/strong> para aquellos que buscan experiencias \u00fanicas en <strong>ocio, cultura y coleccionismo geek<\/strong>.<\/p><\/div><\/div><\/div><div  class=\"column mcb-column mcb-item-83f6go2re one laptop-one tablet-one mobile-one column_image vb-item\" style=\"\" ><div class=\"mcb-column-inner mfn-module-wrapper mcb-column-inner-83f6go2re mcb-item-image-inner\"><div class=\"image_frame image_item no_link scale-with-grid element_classes alignnone stretch no_border mfn-img-box\" ><div class=\"image_wrapper\"><img width=\"800\" height=\"480\" src=\"https:\/\/www.lafiracentrecomercial.com\/wp-content\/uploads\/2024\/12\/geek-01.jpeg\" class=\"scale-with-grid\" alt=\"geek\" style=\"\" decoding=\"async\" srcset=\"https:\/\/www.lafiracentrecomercial.com\/wp-content\/uploads\/2024\/12\/geek-01.jpeg 800w, https:\/\/www.lafiracentrecomercial.com\/wp-content\/uploads\/2024\/12\/geek-01-500x300.jpeg 500w, https:\/\/www.lafiracentrecomercial.com\/wp-content\/uploads\/2024\/12\/geek-01-300x180.jpeg 300w, https:\/\/www.lafiracentrecomercial.com\/wp-content\/uploads\/2024\/12\/geek-01-768x461.jpeg 768w, https:\/\/www.lafiracentrecomercial.com\/wp-content\/uploads\/2024\/12\/geek-01-125x75.jpeg 125w, https:\/\/www.lafiracentrecomercial.com\/wp-content\/uploads\/2024\/12\/geek-01-480x288.jpeg 480w\" sizes=\"(max-width:767px) 480px, (max-width:800px) 100vw, 800px\" \/><\/div><\/div>\n<\/div><\/div><\/div><\/div><div  class=\"wrap mcb-wrap mcb-wrap-6cpan9fzo one-second tablet-one-second laptop-one-second mobile-one vb-item clearfix\" data-desktop-col=\"one-second\" data-laptop-col=\"laptop-one-second\" data-tablet-col=\"tablet-one-second\" data-mobile-col=\"mobile-one\" style=\"\"   ><div class=\"mcb-wrap-inner mcb-wrap-inner-6cpan9fzo mfn-module-wrapper mfn-wrapper-for-wraps\"  ><div class=\"mcb-wrap-background-overlay\"><\/div><\/div><\/div><div  class=\"wrap mcb-wrap mcb-wrap-1f11nuaob divider   mobile-one vb-item clearfix\" data-desktop-col=\"divider\" data-laptop-col=\"\" data-tablet-col=\"\" data-mobile-col=\"mobile-one\" style=\"\"   ><div class=\"mcb-wrap-inner mcb-wrap-inner-1f11nuaob mfn-module-wrapper mfn-wrapper-for-wraps\"  ><div class=\"mcb-wrap-background-overlay\"><\/div><\/div><\/div><div  class=\"wrap mcb-wrap mcb-wrap-jxwweexfr divider   mobile-one vb-item clearfix\" data-desktop-col=\"divider\" data-laptop-col=\"\" data-tablet-col=\"\" data-mobile-col=\"mobile-one\" style=\"\"   ><div class=\"mcb-wrap-inner mcb-wrap-inner-jxwweexfr mfn-module-wrapper mfn-wrapper-for-wraps\"  ><div class=\"mcb-wrap-background-overlay\"><\/div><\/div><\/div><\/div><\/section><section class=\"section mcb-section mfn-default-section mcb-section-xya0k15k\"   style=\"\" ><div class=\"mcb-background-overlay\"><\/div><div class=\"section_wrapper mfn-wrapper-for-wraps mcb-section-inner mcb-section-inner-xya0k15k\"><div  class=\"wrap mcb-wrap mcb-wrap-8wxqoc7gp one-second tablet-one-second laptop-one-second mobile-one vb-item clearfix\" data-desktop-col=\"one-second\" data-laptop-col=\"laptop-one-second\" data-tablet-col=\"tablet-one-second\" data-mobile-col=\"mobile-one\" style=\"\"   ><div class=\"mcb-wrap-inner mcb-wrap-inner-8wxqoc7gp mfn-module-wrapper mfn-wrapper-for-wraps\"  ><div class=\"mcb-wrap-background-overlay\"><\/div><\/div><\/div><\/div><\/section><section class=\"section mcb-section mfn-default-section mcb-section-og5fq3h4p\"   style=\"\" ><div class=\"mcb-background-overlay\"><\/div><div class=\"section_wrapper mfn-wrapper-for-wraps mcb-section-inner mcb-section-inner-og5fq3h4p\"><div  class=\"wrap mcb-wrap mcb-wrap-gf66ay6dq one tablet-one laptop-one mobile-one vb-item clearfix\" data-desktop-col=\"one\" data-laptop-col=\"laptop-one\" data-tablet-col=\"tablet-one\" data-mobile-col=\"mobile-one\" style=\"\"   ><div class=\"mcb-wrap-inner mcb-wrap-inner-gf66ay6dq mfn-module-wrapper mfn-wrapper-for-wraps\"  ><div class=\"mcb-wrap-background-overlay\"><\/div><div  class=\"column mcb-column mcb-item-7x4f9fqu one laptop-one tablet-one mobile-one column_button vb-item\" style=\"\" ><div class=\"mcb-column-inner mfn-module-wrapper mcb-column-inner-7x4f9fqu mcb-item-button-inner\"><a class=\"button  button_left button_size_1\" href=\"https:\/\/www.lafiracentrecomercial.com\/es\/actualidad-sin-filtros\/\"         title=\"\"><span class=\"button_icon\"><i class=\"icon-left-open\"  aria-hidden=\"true\"><\/i><\/span><span class=\"button_label\">Volver a Actualidad<\/span><\/a>\n<\/div><\/div><\/div><\/div><\/div><\/section><\/div>"},"publishpress_future_workflow_manual_trigger":{"enabledWorkflows":[]},"_links":{"self":[{"href":"https:\/\/www.lafiracentrecomercial.com\/es\/wp-json\/wp\/v2\/posts\/6122","targetHints":{"allow":["GET"]}}],"collection":[{"href":"https:\/\/www.lafiracentrecomercial.com\/es\/wp-json\/wp\/v2\/posts"}],"about":[{"href":"https:\/\/www.lafiracentrecomercial.com\/es\/wp-json\/wp\/v2\/types\/post"}],"author":[{"embeddable":true,"href":"https:\/\/www.lafiracentrecomercial.com\/es\/wp-json\/wp\/v2\/users\/2"}],"replies":[{"embeddable":true,"href":"https:\/\/www.lafiracentrecomercial.com\/es\/wp-json\/wp\/v2\/comments?post=6122"}],"version-history":[{"count":2,"href":"https:\/\/www.lafiracentrecomercial.com\/es\/wp-json\/wp\/v2\/posts\/6122\/revisions"}],"predecessor-version":[{"id":6124,"href":"https:\/\/www.lafiracentrecomercial.com\/es\/wp-json\/wp\/v2\/posts\/6122\/revisions\/6124"}],"wp:featuredmedia":[{"embeddable":true,"href":"https:\/\/www.lafiracentrecomercial.com\/es\/wp-json\/wp\/v2\/media\/6136"}],"wp:attachment":[{"href":"https:\/\/www.lafiracentrecomercial.com\/es\/wp-json\/wp\/v2\/media?parent=6122"}],"wp:term":[{"taxonomy":"category","embeddable":true,"href":"https:\/\/www.lafiracentrecomercial.com\/es\/wp-json\/wp\/v2\/categories?post=6122"},{"taxonomy":"post_tag","embeddable":true,"href":"https:\/\/www.lafiracentrecomercial.com\/es\/wp-json\/wp\/v2\/tags?post=6122"}],"curies":[{"name":"wp","href":"https:\/\/api.w.org\/{rel}","templated":true}]}}