{"id":6253,"date":"2025-02-03T15:45:26","date_gmt":"2025-02-03T15:45:26","guid":{"rendered":"https:\/\/www.lafiracentrecomercial.com\/?p=6253"},"modified":"2025-02-03T15:49:47","modified_gmt":"2025-02-03T15:49:47","slug":"un-2024-de-exito-para-la-fira-la-campana-de-navidad-cierra-con-un-5-mas-de-visitas-y-un-crecimiento-anual-del-6","status":"publish","type":"post","link":"https:\/\/www.lafiracentrecomercial.com\/es\/un-2024-de-exito-para-la-fira-la-campana-de-navidad-cierra-con-un-5-mas-de-visitas-y-un-crecimiento-anual-del-6\/","title":{"rendered":"Un 2024 de \u00e9xito para La Fira: la campa\u00f1a de Navidad cierra con un 5% m\u00e1s de visitas y un crecimiento anual del 6%"},"content":{"rendered":"\n<h5 class=\"wp-block-heading\"><\/h5>\n\n\n\n<div style=\"height:30px\" aria-hidden=\"true\" class=\"wp-block-spacer\"><\/div>\n\n\n\n<div style=\"height:30px\" aria-hidden=\"true\" class=\"wp-block-spacer\"><\/div>\n","protected":false},"excerpt":{"rendered":"<p>Las afluencias de visitantes han incrementado un 5% durante diciembre de 2024 respecto al mismo mes del a\u00f1o anterior y se ha reportado un crecimiento acumulado del 6% en todo el a\u00f1o.<\/p>\n","protected":false},"author":2,"featured_media":6258,"comment_status":"closed","ping_status":"closed","sticky":false,"template":"","format":"standard","meta":{"footnotes":""},"categories":[80],"tags":[],"class_list":["post-6253","post","type-post","status-publish","format-standard","has-post-thumbnail","hentry","category-sin-categorizar"],"featured_img_url":"https:\/\/www.lafiracentrecomercial.com\/wp-content\/uploads\/2025\/02\/Np-Balance-Campana-de-Navidad.webp","custom_meta":{"contentDirectorios":"","contentAux":"<div data-id=\"6253\" class=\"mfn-builder-content mfn-default-content-buider\"><section class=\"section mcb-section mfn-default-section mcb-section-zya15xmm4\"   style=\"\" ><div class=\"mcb-background-overlay\"><\/div><div class=\"section_wrapper mfn-wrapper-for-wraps mcb-section-inner mcb-section-inner-zya15xmm4\"><div  class=\"wrap mcb-wrap mcb-wrap-57fgysmgw one tablet-one laptop-one mobile-one vb-item clearfix\" data-desktop-col=\"one\" data-laptop-col=\"laptop-one\" data-tablet-col=\"tablet-one\" data-mobile-col=\"mobile-one\" style=\"\"   ><div class=\"mcb-wrap-inner mcb-wrap-inner-57fgysmgw mfn-module-wrapper mfn-wrapper-for-wraps\"  ><div class=\"mcb-wrap-background-overlay\"><\/div><div  class=\"column mcb-column mcb-item-b93pzwxr one laptop-one tablet-one mobile-one column_heading vb-item\" style=\"\" ><div class=\"mcb-column-inner mfn-module-wrapper mcb-column-inner-b93pzwxr mcb-item-heading-inner\"><h1 class=\"title\">Un 2024 de \u00e9xito para La Fira: la campa\u00f1a de Navidad cierra con un 5% m\u00e1s de visitas y un crecimiento anual del 6%<\/h1><\/div><\/div><\/div><\/div><\/div><\/section><section class=\"section mcb-section mfn-default-section mcb-section-nclnlo4md\"   style=\"\" ><div class=\"mcb-background-overlay\"><\/div><div class=\"section_wrapper mfn-wrapper-for-wraps mcb-section-inner mcb-section-inner-nclnlo4md\"><div  class=\"wrap mcb-wrap mcb-wrap-n7wicxah one tablet-one laptop-one mobile-one vb-item clearfix\" data-desktop-col=\"one\" data-laptop-col=\"laptop-one\" data-tablet-col=\"tablet-one\" data-mobile-col=\"mobile-one\" style=\"\"   ><div class=\"mcb-wrap-inner mcb-wrap-inner-n7wicxah mfn-module-wrapper mfn-wrapper-for-wraps\"  ><div class=\"mcb-wrap-background-overlay\"><\/div><div  class=\"column mcb-column mcb-item-41rdl25ri one laptop-one tablet-one mobile-one column_divider_2 vb-item\" style=\"\" ><div class=\"mcb-column-inner mfn-module-wrapper mcb-column-inner-41rdl25ri mcb-item-divider_2-inner\"><div class=\"mfn-divider mfn-divider-center\"><div class=\"mfn-divider-inner\"><\/div><\/div>\n<\/div><\/div><\/div><\/div><div  class=\"wrap mcb-wrap mcb-wrap-t76h8yas one tablet-one laptop-one mobile-one vb-item clearfix\" data-desktop-col=\"one\" data-laptop-col=\"laptop-one\" data-tablet-col=\"tablet-one\" data-mobile-col=\"mobile-one\" style=\"\"   ><div class=\"mcb-wrap-inner mcb-wrap-inner-t76h8yas mfn-module-wrapper mfn-wrapper-for-wraps\"  ><div class=\"mcb-wrap-background-overlay\"><\/div><div  class=\"column mcb-column mcb-item-2kgg0kqo one laptop-one tablet-one mobile-one column_column vb-item\" style=\"\" ><div class=\"mcb-column-inner mfn-module-wrapper mcb-column-inner-2kgg0kqo mcb-item-column-inner\"><div class=\"column_attr mfn-inline-editor clearfix\" style=\"\"><ul>\n<li>\n<ul>\n<li>\n<h3><strong>Las afluencias de visitantes han incrementado un 5% durante diciembre de 2024 respecto al mismo mes del a\u00f1o anterior y se ha reportado un crecimiento acumulado del 6% en todo el a\u00f1o.<\/strong><\/h3>\n<\/li>\n<li>\n<h3><strong>Los operadores del centro han registrado un incremento del 6% en ventas durante diciembre y del 8% en todo 2024 respecto a 2023.<\/strong><\/h3>\n<\/li>\n<li>\n<h3><strong>El servicio de envoltorios de regalos ha aumentado un 30%, reflejando una mayor actividad en la campa\u00f1a navide\u00f1a.<\/strong><\/h3>\n<\/li>\n<\/ul>\n<\/li>\n<\/ul><\/div><\/div><\/div><div  class=\"column mcb-column mcb-item-gn9v2tqs one laptop-one tablet-one mobile-one column_column vb-item\" style=\"\" ><div class=\"mcb-column-inner mfn-module-wrapper mcb-column-inner-gn9v2tqs mcb-item-column-inner\"><div class=\"column_attr mfn-inline-editor clearfix\" style=\"\"><p style=\"font-weight: 400;\"><a href=\"http:\/\/www.lafiracentrecomercial.com\">La Fira Centre Comercial<\/a> concluye una brillante campa\u00f1a de Navidad con cifras destacadas que consolidan su posici\u00f3n como referente comercial en la regi\u00f3n. Durante el mes de diciembre de 2024, las afluencias al centro han crecido un 5% en comparaci\u00f3n con diciembre de 2023, contribuyendo a un aumento global del 6% en las visitas acumuladas durante el a\u00f1o.<\/p>\n<p style=\"font-weight: 400;\">En t\u00e9rminos de ventas, los operadores del centro han registrado un crecimiento interanual del 6% en diciembre, en l\u00ednea con las tendencias nacionales. A lo largo del a\u00f1o, las ventas totales han crecido un 8%, destacando el dinamismo del comercio en La Fira.<\/p>\n<p style=\"font-weight: 400;\">Seg\u00fan un estudio de <a href=\"https:\/\/www.mastercardservices.com\/en\/capabilities\/spendingpulse\">SpendingPulse<\/a>\u2122 de Mastercard, las ventas minoristas en Espa\u00f1a han crecido un 6,3% en la temporada navide\u00f1a de 2024, impulsadas por un consumo equilibrado que prioriza tanto el valor como las experiencias memorables.<\/p>\n<p style=\"font-weight: 400;\">Patricia Perugini, gerente de La Fira Centre Comercial, destaca que \"los resultados de esta campa\u00f1a de Navidad reflejan el esfuerzo conjunto de nuestros operadores y el equipo del centro por ofrecer una experiencia \u00fanica a nuestros visitantes. Este crecimiento es un claro indicador de la confianza de nuestros clientes\".<\/p>\n<p style=\"font-weight: 400;\"><strong>\u00c9xito en iniciativas navide\u00f1as y servicios especiales<\/strong><\/p>\n<p style=\"font-weight: 400;\">Entre las acciones m\u00e1s destacadas de la campa\u00f1a navide\u00f1a, el servicio de envoltorio de regalos ha experimentado un aumento del 30% respecto al a\u00f1o anterior, consolid\u00e1ndose como uno de los servicios m\u00e1s valorados por los visitantes durante estas fechas. La buena acogida de las promociones navide\u00f1as y las actividades organizadas en el centro tambi\u00e9n han contribuido significativamente al incremento en afluencias y ventas.<\/p>\n<p style=\"font-weight: 400;\">La celebraci\u00f3n de eventos tem\u00e1ticos y la decoraci\u00f3n navide\u00f1a del centro han creado un ambiente acogedor y festivo que ha animado las visitas familiares y las compras de \u00faltima hora.<\/p>\n<p style=\"font-weight: 400;\"><strong>Perspectivas positivas para las rebajas de invierno<\/strong><\/p>\n<p style=\"font-weight: 400;\">Tras el \u00e9xito de la campa\u00f1a navide\u00f1a, las previsiones para las rebajas de invierno son optimistas. La estabilidad en la inflaci\u00f3n y las ofertas atractivas de las principales marcas auguran una alta afluencia de visitantes en las pr\u00f3ximas semanas, manteniendo la tendencia al alza en el comercio minorista observada durante el a\u00f1o.<\/p>\n<p style=\"font-weight: 400;\"><strong>Tendencias de consumo navide\u00f1o en Espa\u00f1a<\/strong><\/p>\n<p style=\"font-weight: 400;\">El informe SpendingPulse\u2122 de Mastercard confirma la resiliencia del gasto de los consumidores en Espa\u00f1a durante la temporada navide\u00f1a, con un crecimiento del 6,3% en las ventas totales respecto a 2023. Este incremento se ha visto reflejado en categor\u00edas como alimentaci\u00f3n (+7,7%), joyer\u00eda y accesorios (+4,9%), y en el sector de la restauraci\u00f3n (+4,7%).<\/p>\n<p><span style=\"font-weight: 400;\">\"Estas tendencias nacionales refuerzan la importancia de ofrecer a los consumidores una experiencia integral que combine productos de calidad, servicios personalizados y actividades de entretenimiento, tal como hemos implementado en La Fira\u201d, a\u00f1ade Perugini.<\/span><\/p><\/div><\/div><\/div><div  class=\"column mcb-column mcb-item-83f6go2re one laptop-one tablet-one mobile-one column_image vb-item\" style=\"\" ><div class=\"mcb-column-inner mfn-module-wrapper mcb-column-inner-83f6go2re mcb-item-image-inner\"><div class=\"image_frame image_item no_link scale-with-grid element_classes alignnone stretch no_border mfn-img-box\" ><div class=\"image_wrapper\"><img width=\"3834\" height=\"2136\" src=\"https:\/\/www.lafiracentrecomercial.com\/wp-content\/uploads\/2025\/02\/Captura-de-pantalla-2025-02-03-a-las-14.06.52.png\" class=\"scale-with-grid\" alt=\"\" style=\"\" decoding=\"async\" srcset=\"https:\/\/www.lafiracentrecomercial.com\/wp-content\/uploads\/2025\/02\/Captura-de-pantalla-2025-02-03-a-las-14.06.52.png 3834w, https:\/\/www.lafiracentrecomercial.com\/wp-content\/uploads\/2025\/02\/Captura-de-pantalla-2025-02-03-a-las-14.06.52-500x279.png 500w, https:\/\/www.lafiracentrecomercial.com\/wp-content\/uploads\/2025\/02\/Captura-de-pantalla-2025-02-03-a-las-14.06.52-1200x669.png 1200w, https:\/\/www.lafiracentrecomercial.com\/wp-content\/uploads\/2025\/02\/Captura-de-pantalla-2025-02-03-a-las-14.06.52-300x167.png 300w, https:\/\/www.lafiracentrecomercial.com\/wp-content\/uploads\/2025\/02\/Captura-de-pantalla-2025-02-03-a-las-14.06.52-768x428.png 768w, https:\/\/www.lafiracentrecomercial.com\/wp-content\/uploads\/2025\/02\/Captura-de-pantalla-2025-02-03-a-las-14.06.52-1536x856.png 1536w, https:\/\/www.lafiracentrecomercial.com\/wp-content\/uploads\/2025\/02\/Captura-de-pantalla-2025-02-03-a-las-14.06.52-2048x1141.png 2048w, https:\/\/www.lafiracentrecomercial.com\/wp-content\/uploads\/2025\/02\/Captura-de-pantalla-2025-02-03-a-las-14.06.52-135x75.png 135w, https:\/\/www.lafiracentrecomercial.com\/wp-content\/uploads\/2025\/02\/Captura-de-pantalla-2025-02-03-a-las-14.06.52-480x267.png 480w\" sizes=\"(max-width:767px) 480px, (max-width:3834px) 100vw, 3834px\" \/><\/div><\/div>\n<\/div><\/div><\/div><\/div><div  class=\"wrap mcb-wrap mcb-wrap-6cpan9fzo one-second tablet-one-second laptop-one-second mobile-one vb-item clearfix\" data-desktop-col=\"one-second\" data-laptop-col=\"laptop-one-second\" data-tablet-col=\"tablet-one-second\" data-mobile-col=\"mobile-one\" style=\"\"   ><div class=\"mcb-wrap-inner mcb-wrap-inner-6cpan9fzo mfn-module-wrapper mfn-wrapper-for-wraps\"  ><div class=\"mcb-wrap-background-overlay\"><\/div><\/div><\/div><div  class=\"wrap mcb-wrap mcb-wrap-1f11nuaob divider   mobile-one vb-item clearfix\" data-desktop-col=\"divider\" data-laptop-col=\"\" data-tablet-col=\"\" data-mobile-col=\"mobile-one\" style=\"\"   ><div class=\"mcb-wrap-inner mcb-wrap-inner-1f11nuaob mfn-module-wrapper mfn-wrapper-for-wraps\"  ><div class=\"mcb-wrap-background-overlay\"><\/div><\/div><\/div><div  class=\"wrap mcb-wrap mcb-wrap-jxwweexfr divider   mobile-one vb-item clearfix\" data-desktop-col=\"divider\" data-laptop-col=\"\" data-tablet-col=\"\" data-mobile-col=\"mobile-one\" style=\"\"   ><div class=\"mcb-wrap-inner mcb-wrap-inner-jxwweexfr mfn-module-wrapper mfn-wrapper-for-wraps\"  ><div class=\"mcb-wrap-background-overlay\"><\/div><\/div><\/div><\/div><\/section><section class=\"section mcb-section mfn-default-section mcb-section-xya0k15k\"   style=\"\" ><div class=\"mcb-background-overlay\"><\/div><div class=\"section_wrapper mfn-wrapper-for-wraps mcb-section-inner mcb-section-inner-xya0k15k\"><div  class=\"wrap mcb-wrap mcb-wrap-8wxqoc7gp one-second tablet-one-second laptop-one-second mobile-one vb-item clearfix\" data-desktop-col=\"one-second\" data-laptop-col=\"laptop-one-second\" data-tablet-col=\"tablet-one-second\" data-mobile-col=\"mobile-one\" style=\"\"   ><div class=\"mcb-wrap-inner mcb-wrap-inner-8wxqoc7gp mfn-module-wrapper mfn-wrapper-for-wraps\"  ><div class=\"mcb-wrap-background-overlay\"><\/div><\/div><\/div><\/div><\/section><section class=\"section mcb-section mfn-default-section mcb-section-og5fq3h4p\"   style=\"\" ><div class=\"mcb-background-overlay\"><\/div><div class=\"section_wrapper mfn-wrapper-for-wraps mcb-section-inner mcb-section-inner-og5fq3h4p\"><div  class=\"wrap mcb-wrap mcb-wrap-gf66ay6dq one tablet-one laptop-one mobile-one vb-item clearfix\" data-desktop-col=\"one\" data-laptop-col=\"laptop-one\" data-tablet-col=\"tablet-one\" data-mobile-col=\"mobile-one\" style=\"\"   ><div class=\"mcb-wrap-inner mcb-wrap-inner-gf66ay6dq mfn-module-wrapper mfn-wrapper-for-wraps\"  ><div class=\"mcb-wrap-background-overlay\"><\/div><div  class=\"column mcb-column mcb-item-7x4f9fqu one laptop-one tablet-one mobile-one column_button vb-item\" style=\"\" ><div class=\"mcb-column-inner mfn-module-wrapper mcb-column-inner-7x4f9fqu mcb-item-button-inner\"><a class=\"button  button_left button_size_1\" href=\"https:\/\/www.lafiracentrecomercial.com\/es\/actualidad-sin-filtros\/\"         title=\"\"><span class=\"button_icon\"><i class=\"icon-left-open\"  aria-hidden=\"true\"><\/i><\/span><span class=\"button_label\">Volver a Actualidad<\/span><\/a>\n<\/div><\/div><\/div><\/div><\/div><\/section><\/div>"},"publishpress_future_workflow_manual_trigger":{"enabledWorkflows":[]},"_links":{"self":[{"href":"https:\/\/www.lafiracentrecomercial.com\/es\/wp-json\/wp\/v2\/posts\/6253","targetHints":{"allow":["GET"]}}],"collection":[{"href":"https:\/\/www.lafiracentrecomercial.com\/es\/wp-json\/wp\/v2\/posts"}],"about":[{"href":"https:\/\/www.lafiracentrecomercial.com\/es\/wp-json\/wp\/v2\/types\/post"}],"author":[{"embeddable":true,"href":"https:\/\/www.lafiracentrecomercial.com\/es\/wp-json\/wp\/v2\/users\/2"}],"replies":[{"embeddable":true,"href":"https:\/\/www.lafiracentrecomercial.com\/es\/wp-json\/wp\/v2\/comments?post=6253"}],"version-history":[{"count":3,"href":"https:\/\/www.lafiracentrecomercial.com\/es\/wp-json\/wp\/v2\/posts\/6253\/revisions"}],"predecessor-version":[{"id":6260,"href":"https:\/\/www.lafiracentrecomercial.com\/es\/wp-json\/wp\/v2\/posts\/6253\/revisions\/6260"}],"wp:featuredmedia":[{"embeddable":true,"href":"https:\/\/www.lafiracentrecomercial.com\/es\/wp-json\/wp\/v2\/media\/6258"}],"wp:attachment":[{"href":"https:\/\/www.lafiracentrecomercial.com\/es\/wp-json\/wp\/v2\/media?parent=6253"}],"wp:term":[{"taxonomy":"category","embeddable":true,"href":"https:\/\/www.lafiracentrecomercial.com\/es\/wp-json\/wp\/v2\/categories?post=6253"},{"taxonomy":"post_tag","embeddable":true,"href":"https:\/\/www.lafiracentrecomercial.com\/es\/wp-json\/wp\/v2\/tags?post=6253"}],"curies":[{"name":"wp","href":"https:\/\/api.w.org\/{rel}","templated":true}]}}