{"id":6580,"date":"2025-04-02T08:00:18","date_gmt":"2025-04-02T08:00:18","guid":{"rendered":"https:\/\/www.lafiracentrecomercial.com\/?p=6580"},"modified":"2025-04-10T16:42:24","modified_gmt":"2025-04-10T16:42:24","slug":"tendencias-de-moda-primavera-2025-que-se-lleva-esta-temporada","status":"publish","type":"post","link":"https:\/\/www.lafiracentrecomercial.com\/es\/tendencias-de-moda-primavera-2025-que-se-lleva-esta-temporada\/","title":{"rendered":"Tendencias de moda primavera 2025: qu\u00e9 se lleva esta temporada"},"content":{"rendered":"\n<h5 class=\"wp-block-heading\"><\/h5>\n\n\n\n<div style=\"height:30px\" aria-hidden=\"true\" class=\"wp-block-spacer\"><\/div>\n\n\n\n<div style=\"height:30px\" aria-hidden=\"true\" class=\"wp-block-spacer\"><\/div>\n","protected":false},"excerpt":{"rendered":"<p>Un rep\u00e0s per les tend\u00e8ncies de primavera, destacant peces clau i on trobar-les a les botigues del centre comercial.<\/p>\n","protected":false},"author":2,"featured_media":6431,"comment_status":"closed","ping_status":"closed","sticky":false,"template":"","format":"standard","meta":{"footnotes":""},"categories":[80],"tags":[],"class_list":["post-6580","post","type-post","status-publish","format-standard","has-post-thumbnail","hentry","category-sin-categorizar"],"featured_img_url":"https:\/\/www.lafiracentrecomercial.com\/wp-content\/uploads\/2025\/03\/Primavera-2025.webp","custom_meta":{"contentDirectorios":"","contentAux":"<div data-id=\"6580\" class=\"mfn-builder-content mfn-default-content-buider\"><section class=\"section mcb-section mfn-default-section mcb-section-zya15xmm4\"   style=\"\" ><div class=\"mcb-background-overlay\"><\/div><div class=\"section_wrapper mfn-wrapper-for-wraps mcb-section-inner mcb-section-inner-zya15xmm4\"><div  class=\"wrap mcb-wrap mcb-wrap-57fgysmgw one tablet-one laptop-one mobile-one vb-item clearfix\" data-desktop-col=\"one\" data-laptop-col=\"laptop-one\" data-tablet-col=\"tablet-one\" data-mobile-col=\"mobile-one\" style=\"\"   ><div class=\"mcb-wrap-inner mcb-wrap-inner-57fgysmgw mfn-module-wrapper mfn-wrapper-for-wraps\"  ><div class=\"mcb-wrap-background-overlay\"><\/div><div  class=\"column mcb-column mcb-item-b93pzwxr one laptop-one tablet-one mobile-one column_heading vb-item\" style=\"\" ><div class=\"mcb-column-inner mfn-module-wrapper mcb-column-inner-b93pzwxr mcb-item-heading-inner\"><h1 class=\"title\">Tendencias de moda primavera 2025: qu\u00e9 se lleva esta temporada<\/h1><\/div><\/div><\/div><\/div><\/div><\/section><section class=\"section mcb-section mfn-default-section mcb-section-nclnlo4md\"   style=\"\" ><div class=\"mcb-background-overlay\"><\/div><div class=\"section_wrapper mfn-wrapper-for-wraps mcb-section-inner mcb-section-inner-nclnlo4md\"><div  class=\"wrap mcb-wrap mcb-wrap-n7wicxah one tablet-one laptop-one mobile-one vb-item clearfix\" data-desktop-col=\"one\" data-laptop-col=\"laptop-one\" data-tablet-col=\"tablet-one\" data-mobile-col=\"mobile-one\" style=\"\"   ><div class=\"mcb-wrap-inner mcb-wrap-inner-n7wicxah mfn-module-wrapper mfn-wrapper-for-wraps\"  ><div class=\"mcb-wrap-background-overlay\"><\/div><div  class=\"column mcb-column mcb-item-41rdl25ri one laptop-one tablet-one mobile-one column_divider_2 vb-item\" style=\"\" ><div class=\"mcb-column-inner mfn-module-wrapper mcb-column-inner-41rdl25ri mcb-item-divider_2-inner\"><div class=\"mfn-divider mfn-divider-center\"><div class=\"mfn-divider-inner\"><\/div><\/div>\n<\/div><\/div><\/div><\/div><div  class=\"wrap mcb-wrap mcb-wrap-t76h8yas one tablet-one laptop-one mobile-one vb-item clearfix\" data-desktop-col=\"one\" data-laptop-col=\"laptop-one\" data-tablet-col=\"tablet-one\" data-mobile-col=\"mobile-one\" style=\"\"   ><div class=\"mcb-wrap-inner mcb-wrap-inner-t76h8yas mfn-module-wrapper mfn-wrapper-for-wraps\"  ><div class=\"mcb-wrap-background-overlay\"><\/div><div  class=\"column mcb-column mcb-item-gn9v2tqs one laptop-one tablet-one mobile-one column_column vb-item\" style=\"\" ><div class=\"mcb-column-inner mfn-module-wrapper mcb-column-inner-gn9v2tqs mcb-item-column-inner\"><div class=\"column_attr mfn-inline-editor clearfix\" style=\"\"><h3 style=\"font-weight: 400;\">Un repaso por las tendencias de primavera, destacando prendas clave y d\u00f3nde encontrarlas en las tiendas del centro comercial.<\/h3><\/div><\/div><\/div><div  class=\"column mcb-column mcb-item-jt1jy5han one laptop-one tablet-one mobile-one column_image vb-item\" style=\"\" ><div class=\"mcb-column-inner mfn-module-wrapper mcb-column-inner-jt1jy5han mcb-item-image-inner\"><div class=\"image_frame image_item no_link scale-with-grid element_classes alignnone stretch no_border mfn-img-box\" ><div class=\"image_wrapper\"><img width=\"1200\" height=\"800\" src=\"https:\/\/www.lafiracentrecomercial.com\/wp-content\/uploads\/2025\/03\/Primavera.jpg\" class=\"scale-with-grid\" alt=\"Primavera 2025\" style=\"\" decoding=\"async\" srcset=\"https:\/\/www.lafiracentrecomercial.com\/wp-content\/uploads\/2025\/03\/Primavera.jpg 1200w, https:\/\/www.lafiracentrecomercial.com\/wp-content\/uploads\/2025\/03\/Primavera-500x333.jpg 500w, https:\/\/www.lafiracentrecomercial.com\/wp-content\/uploads\/2025\/03\/Primavera-300x200.jpg 300w, https:\/\/www.lafiracentrecomercial.com\/wp-content\/uploads\/2025\/03\/Primavera-768x512.jpg 768w, https:\/\/www.lafiracentrecomercial.com\/wp-content\/uploads\/2025\/03\/Primavera-113x75.jpg 113w, https:\/\/www.lafiracentrecomercial.com\/wp-content\/uploads\/2025\/03\/Primavera-480x320.jpg 480w\" sizes=\"(max-width:767px) 480px, (max-width:1200px) 100vw, 1200px\" \/><\/div><\/div>\n<\/div><\/div><div  class=\"column mcb-column mcb-item-tfd1z5yd9 one laptop-one tablet-one mobile-one column_column vb-item\" style=\"\" ><div class=\"mcb-column-inner mfn-module-wrapper mcb-column-inner-tfd1z5yd9 mcb-item-column-inner\"><div class=\"column_attr mfn-inline-editor clearfix\" style=\"\"><p style=\"font-weight: 400;\">La primavera 2025 llega cargada de novedades en el mundo de la moda, y en el <a href=\"https:\/\/www.lafiracentrecomercial.com\/es\/\"><strong>Centro Comercial La Fira Reus<\/strong><\/a> puedes encontrar todas las tendencias para renovar tu armario con las mejores marcas y tiendas de ropa en Reus. Desde colores vibrantes hasta prendas vers\u00e1tiles para el d\u00eda a d\u00eda, esta temporada promete una combinaci\u00f3n de elegancia y comodidad para todos los estilos.<\/p><\/div><\/div><\/div><div  class=\"column mcb-column mcb-item-83f6go2re one-second laptop-one-second tablet-one-second mobile-one column_image vb-item\" style=\"\" ><div class=\"mcb-column-inner mfn-module-wrapper mcb-column-inner-83f6go2re mcb-item-image-inner\"><div class=\"image_frame image_item no_link scale-with-grid element_classes alignnone stretch no_border mfn-img-box\" ><div class=\"image_wrapper\"><img width=\"800\" height=\"543\" src=\"https:\/\/www.lafiracentrecomercial.com\/wp-content\/uploads\/2025\/03\/Primavera-2.jpg\" class=\"scale-with-grid\" alt=\"Primavera 2025\" style=\"\" decoding=\"async\" srcset=\"https:\/\/www.lafiracentrecomercial.com\/wp-content\/uploads\/2025\/03\/Primavera-2.jpg 800w, https:\/\/www.lafiracentrecomercial.com\/wp-content\/uploads\/2025\/03\/Primavera-2-500x339.jpg 500w, https:\/\/www.lafiracentrecomercial.com\/wp-content\/uploads\/2025\/03\/Primavera-2-300x204.jpg 300w, https:\/\/www.lafiracentrecomercial.com\/wp-content\/uploads\/2025\/03\/Primavera-2-768x521.jpg 768w, https:\/\/www.lafiracentrecomercial.com\/wp-content\/uploads\/2025\/03\/Primavera-2-110x75.jpg 110w, https:\/\/www.lafiracentrecomercial.com\/wp-content\/uploads\/2025\/03\/Primavera-2-480x326.jpg 480w\" sizes=\"(max-width:767px) 480px, (max-width:800px) 100vw, 800px\" \/><\/div><\/div>\n<\/div><\/div><div  class=\"column mcb-column mcb-item-lw7l0bcoq one-second laptop-one-second tablet-one-second mobile-one column_column vb-item\" style=\"\" ><div class=\"mcb-column-inner mfn-module-wrapper mcb-column-inner-lw7l0bcoq mcb-item-column-inner\"><div class=\"column_attr mfn-inline-editor clearfix\" style=\"\"><ol>\n<li style=\"font-weight: 400;\">\n<h4><strong> Colores en tendencia: la explosi\u00f3n crom\u00e1tica de la primavera<\/strong><\/h4>\n<\/li>\n<\/ol>\n<p style=\"font-weight: 400;\">Cada primavera trae consigo una paleta de colores renovada, y este 2025 no es la excepci\u00f3n. Esta temporada destacan:<\/p>\n<ul>\n<li><strong>Tonos pastel:<\/strong> Colores como de tonalidades lavanda, el azul cielo y el amarillo mantequilla se imponen en vestidos, blusas y pantalones.<\/li>\n<li><strong>Colores vibrantes:<\/strong> El fucsia, el verde esmeralda y el naranja el\u00e9ctrico toman protagonismo en prendas statement.<\/li>\n<li><strong>Blanco total:<\/strong> Looks monocrom\u00e1ticos en blanco que aportan frescura y elegancia.<\/li>\n<\/ul>\n<p style=\"font-weight: 400;\">Puedes encontrar prendas en estos colores en tiendas de moda en Reus como <strong><a href=\"https:\/\/www.lafiracentrecomercial.com\/ca\/portfolio-item\/sfera\/\">Sfera<\/a>, <a href=\"https:\/\/www.lafiracentrecomercial.com\/ca\/portfolio-item\/mango\/\">Mango<\/a> o <a href=\"https:\/\/www.lafiracentrecomercial.com\/ca\/portfolio-item\/kiabi\/\">Kiabi<\/a><\/strong>\u00a0ubicadas en el <strong>centro comercial en Reus<\/strong>.<\/p><\/div><\/div><\/div><div  class=\"column mcb-column mcb-item-v938dx88o one laptop-one tablet-one mobile-one column_column vb-item\" style=\"\" ><div class=\"mcb-column-inner mfn-module-wrapper mcb-column-inner-v938dx88o mcb-item-column-inner\"><div class=\"column_attr mfn-inline-editor clearfix\" style=\"\"><h4><strong>2. Prendas clave para esta primavera<\/strong><\/h4>\n<p style=\"font-weight: 400;\"><strong>Vestidos fluidos y rom\u00e1nticos<\/strong><\/p>\n<p style=\"font-weight: 400;\">Los vestidos largos con tejidos ligeros, estampados florales y detalles de encaje ser\u00e1n un must esta temporada. Son perfectos para un look casual con sandalias o para eventos especiales con tacones. Si te preguntas <strong>d\u00f3nde comprar en Reus<\/strong> tiendas como <strong><a href=\"https:\/\/www.lafiracentrecomercial.com\/ca\/portfolio-item\/kiabi\/\">Kiabi<\/a>, <a href=\"https:\/\/www.lafiracentrecomercial.com\/ca\/portfolio-item\/stradivarius\/\">Stradivarius<\/a> y <a href=\"https:\/\/www.lafiracentrecomercial.com\/ca\/portfolio-item\/springfield\/\">Springfield<\/a><\/strong>\u00a0tienen opciones ideales para todas las edades.<\/p>\n<p style=\"font-weight: 400;\"><strong>Trajes de dos piezas para la oficina y eventos<\/strong><\/p>\n<p style=\"font-weight: 400;\">La <strong>moda de oficina en Tarragona<\/strong> se moderniza con conjuntos de blazer y pantal\u00f3n en tonos pastel o con estampados sutiles. En <strong><a href=\"https:\/\/www.lafiracentrecomercial.com\/ca\/portfolio-item\/cortefiel\/\">Cortefiel<\/a>, <a href=\"https:\/\/www.lafiracentrecomercial.com\/ca\/portfolio-item\/sfera\/\">Sfera<\/a> y <a href=\"https:\/\/www.lafiracentrecomercial.com\/ca\/portfolio-item\/mango\/\">Mango<\/a><\/strong>\u00a0encontrar\u00e1s opciones sofisticadas para lucir impecable en la oficina.<\/p>\n<p style=\"font-weight: 400;\"><strong>Denim renovado<\/strong><\/p>\n<p style=\"font-weight: 400;\">El cl\u00e1sico tejido vaquero vuelve con nuevas versiones: jeans de pierna ancha, faldas midi y chaquetas oversize. Si buscas renovar tu denim, puedes encontrar opciones en <strong><a href=\"https:\/\/www.lafiracentrecomercial.com\/ca\/portfolio-item\/pullbear\/\">Pull&amp;Bear<\/a> o <a href=\"https:\/\/www.lafiracentrecomercial.com\/ca\/portfolio-item\/bershka\/\">Bershka<\/a><\/strong><strong>\u00a0en el centro comercial La Fira en Reus, Tarragona<\/strong>.<\/p>\n<p style=\"font-weight: 400;\"><strong>Faldas midi y plisadas<\/strong><\/p>\n<p style=\"font-weight: 400;\">Las faldas en tejidos fluidos, plisadas o en tonos metalizados se convierten en protagonistas de la primavera. Son vers\u00e1tiles y perfectas para un look de d\u00eda o de noche. Si buscas ese toque boho chic, podr\u00e1s personalizar tu estilo en <strong><a href=\"https:\/\/www.lafiracentrecomercial.com\/ca\/portfolio-item\/sfera\/\">Sfera<\/a>, <a href=\"https:\/\/www.lafiracentrecomercial.com\/ca\/portfolio-item\/mango\/\">Mango<\/a> o <a href=\"https:\/\/www.lafiracentrecomercial.com\/ca\/portfolio-item\/stradivarius\/\">Stradivarius<\/a><\/strong>.<\/p><\/div><\/div><\/div><div  class=\"column mcb-column mcb-item-aftblxdrlh one-second laptop-one-second tablet-one-second mobile-one column_image vb-item\" style=\"\" ><div class=\"mcb-column-inner mfn-module-wrapper mcb-column-inner-aftblxdrlh mcb-item-image-inner\"><div class=\"image_frame image_item no_link scale-with-grid element_classes alignnone stretch no_border mfn-img-box\" ><div class=\"image_wrapper\"><img width=\"1200\" height=\"800\" src=\"https:\/\/www.lafiracentrecomercial.com\/wp-content\/uploads\/2025\/03\/Primavera-3.jpg\" class=\"scale-with-grid\" alt=\"Primavera 2025\" style=\"\" decoding=\"async\" srcset=\"https:\/\/www.lafiracentrecomercial.com\/wp-content\/uploads\/2025\/03\/Primavera-3.jpg 1200w, https:\/\/www.lafiracentrecomercial.com\/wp-content\/uploads\/2025\/03\/Primavera-3-500x333.jpg 500w, https:\/\/www.lafiracentrecomercial.com\/wp-content\/uploads\/2025\/03\/Primavera-3-300x200.jpg 300w, https:\/\/www.lafiracentrecomercial.com\/wp-content\/uploads\/2025\/03\/Primavera-3-768x512.jpg 768w, https:\/\/www.lafiracentrecomercial.com\/wp-content\/uploads\/2025\/03\/Primavera-3-113x75.jpg 113w, https:\/\/www.lafiracentrecomercial.com\/wp-content\/uploads\/2025\/03\/Primavera-3-480x320.jpg 480w\" sizes=\"(max-width:767px) 480px, (max-width:1200px) 100vw, 1200px\" \/><\/div><\/div>\n<\/div><\/div><div  class=\"column mcb-column mcb-item-oid5ijy8w one-second laptop-one-second tablet-one-second mobile-one column_column vb-item\" style=\"\" ><div class=\"mcb-column-inner mfn-module-wrapper mcb-column-inner-oid5ijy8w mcb-item-column-inner\"><div class=\"column_attr mfn-inline-editor clearfix\" style=\"\"><h4><strong>3. Calzado y accesorios: el toque final para un look primaveral<\/strong><\/h4>\n<p style=\"font-weight: 400;\">Los zapatos y accesorios juegan un papel crucial en la moda de esta temporada. Algunas tendencias destacadas son:<\/p>\n<ul>\n<li><strong>Bailarinas y Mary Janes:<\/strong> El calzado c\u00f3modo con un toque retro sigue en auge.<\/li>\n<li><strong>Bolsos de rafia y crochet:<\/strong> Perfectos para un look relajado y primaveral.<\/li>\n<li><strong>Gafas de sol grandes y coloridas:<\/strong> Un accesorio imprescindible para los d\u00edas soleados.<\/li>\n<\/ul>\n<p style=\"font-weight: 400;\">Puedes encontrar estos complementos en <strong><a href=\"https:\/\/www.lafiracentrecomercial.com\/ca\/portfolio-item\/parfois\/\">Parfois<\/a> o <a href=\"https:\/\/www.lafiracentrecomercial.com\/ca\/portfolio-item\/botticelli\/\">Botticelli<\/a><\/strong><strong>\u00a0en el Centro Comercial La Fira Reus<\/strong>.<\/p><\/div><\/div><\/div><div  class=\"column mcb-column mcb-item-k5jexqblf one-second laptop-one-second tablet-one-second mobile-one column_image vb-item\" style=\"\" ><div class=\"mcb-column-inner mfn-module-wrapper mcb-column-inner-k5jexqblf mcb-item-image-inner\"><div class=\"image_frame image_item no_link scale-with-grid element_classes alignnone stretch no_border mfn-img-box\" ><div class=\"image_wrapper\"><img width=\"800\" height=\"561\" src=\"https:\/\/www.lafiracentrecomercial.com\/wp-content\/uploads\/2025\/03\/Primavera-4.jpg\" class=\"scale-with-grid\" alt=\"Primavera 2025\" style=\"\" decoding=\"async\" srcset=\"https:\/\/www.lafiracentrecomercial.com\/wp-content\/uploads\/2025\/03\/Primavera-4.jpg 800w, https:\/\/www.lafiracentrecomercial.com\/wp-content\/uploads\/2025\/03\/Primavera-4-500x351.jpg 500w, https:\/\/www.lafiracentrecomercial.com\/wp-content\/uploads\/2025\/03\/Primavera-4-300x210.jpg 300w, https:\/\/www.lafiracentrecomercial.com\/wp-content\/uploads\/2025\/03\/Primavera-4-768x539.jpg 768w, https:\/\/www.lafiracentrecomercial.com\/wp-content\/uploads\/2025\/03\/Primavera-4-107x75.jpg 107w, https:\/\/www.lafiracentrecomercial.com\/wp-content\/uploads\/2025\/03\/Primavera-4-480x337.jpg 480w\" sizes=\"(max-width:767px) 480px, (max-width:800px) 100vw, 800px\" \/><\/div><\/div>\n<\/div><\/div><div  class=\"column mcb-column mcb-item-p57xi3lwr one-second laptop-one-second tablet-one-second mobile-one column_column vb-item\" style=\"\" ><div class=\"mcb-column-inner mfn-module-wrapper mcb-column-inner-p57xi3lwr mcb-item-column-inner\"><div class=\"column_attr mfn-inline-editor clearfix\" style=\"\"><h4><strong>4. Moda infantil en Reus: tendencias para los m\u00e1s peque\u00f1os<\/strong><\/h4>\n<p style=\"font-weight: 400;\">Los ni\u00f1os tambi\u00e9n se suman a las tendencias con prendas frescas y c\u00f3modas. Esta primavera los m\u00e1s peque\u00f1os vestir\u00e1n de:<\/p>\n<ul>\n<li><strong>Estampados divertidos y colores vivos.<\/strong><\/li>\n<li><strong>Pantalones cortos y camisetas con ilustraciones.<\/strong><\/li>\n<li><strong>Vestidos ligeros con detalles en volantes.<\/strong><\/li>\n<\/ul>\n<p style=\"font-weight: 400;\">Las mejores opciones en moda infantil las puedes encontrar en <strong><a href=\"https:\/\/www.lafiracentrecomercial.com\/ca\/portfolio-item\/mayoral\/\">Mayoral<\/a> y <a href=\"https:\/\/www.lafiracentrecomercial.com\/ca\/portfolio-item\/kiabi\/\">Kiabi<\/a><\/strong><strong>\u00a0en el centro comercial La Fira en Reus de Tarragona<\/strong>.<\/p><\/div><\/div><\/div><div  class=\"column mcb-column mcb-item-fmbsbtopb one laptop-one tablet-one mobile-one column_column vb-item\" style=\"\" ><div class=\"mcb-column-inner mfn-module-wrapper mcb-column-inner-fmbsbtopb mcb-item-column-inner\"><div class=\"column_attr mfn-inline-editor clearfix\" style=\"\"><h4><strong>5. \u00bfD\u00f3nde comprar ropa en Tarragona esta primavera?<\/strong><\/h4>\n<p style=\"font-weight: 400;\">Si buscas renovar tu armario con las mejores tendencias de la temporada, ven al centro comercial de Reus, <strong>La Fira Centre Comercial <\/strong>y encuentra las mejores<strong> opciones<\/strong>. Con una amplia selecci\u00f3n de tiendas de moda en Reus, podr\u00e1s conseguir todo lo que necesitas para estar a la \u00faltima esta primavera.<\/p>\n<p style=\"font-weight: 400;\">Desde prendas para el d\u00eda a d\u00eda hasta looks elegantes para eventos especiales, en <strong>La Fira Centre Comercial<\/strong> encontrar\u00e1s opciones para todos los gustos y presupuestos. \u00a1Ven y descubre las novedades que las mejores tiendas tienen para ti!<\/p><\/div><\/div><\/div><\/div><\/div><div  class=\"wrap mcb-wrap mcb-wrap-6cpan9fzo one-second tablet-one-second laptop-one-second mobile-one vb-item clearfix\" data-desktop-col=\"one-second\" data-laptop-col=\"laptop-one-second\" data-tablet-col=\"tablet-one-second\" data-mobile-col=\"mobile-one\" style=\"\"   ><div class=\"mcb-wrap-inner mcb-wrap-inner-6cpan9fzo mfn-module-wrapper mfn-wrapper-for-wraps\"  ><div class=\"mcb-wrap-background-overlay\"><\/div><\/div><\/div><div  class=\"wrap mcb-wrap mcb-wrap-1f11nuaob divider   mobile-one vb-item clearfix\" data-desktop-col=\"divider\" data-laptop-col=\"\" data-tablet-col=\"\" data-mobile-col=\"mobile-one\" style=\"\"   ><div class=\"mcb-wrap-inner mcb-wrap-inner-1f11nuaob mfn-module-wrapper mfn-wrapper-for-wraps\"  ><div class=\"mcb-wrap-background-overlay\"><\/div><\/div><\/div><div  class=\"wrap mcb-wrap mcb-wrap-jxwweexfr divider   mobile-one vb-item clearfix\" data-desktop-col=\"divider\" data-laptop-col=\"\" data-tablet-col=\"\" data-mobile-col=\"mobile-one\" style=\"\"   ><div class=\"mcb-wrap-inner mcb-wrap-inner-jxwweexfr mfn-module-wrapper mfn-wrapper-for-wraps\"  ><div class=\"mcb-wrap-background-overlay\"><\/div><\/div><\/div><\/div><\/section><section class=\"section mcb-section mfn-default-section mcb-section-xya0k15k\"   style=\"\" ><div class=\"mcb-background-overlay\"><\/div><div class=\"section_wrapper mfn-wrapper-for-wraps mcb-section-inner mcb-section-inner-xya0k15k\"><div  class=\"wrap mcb-wrap mcb-wrap-8wxqoc7gp one-second tablet-one-second laptop-one-second mobile-one vb-item clearfix\" data-desktop-col=\"one-second\" data-laptop-col=\"laptop-one-second\" data-tablet-col=\"tablet-one-second\" data-mobile-col=\"mobile-one\" style=\"\"   ><div class=\"mcb-wrap-inner mcb-wrap-inner-8wxqoc7gp mfn-module-wrapper mfn-wrapper-for-wraps\"  ><div class=\"mcb-wrap-background-overlay\"><\/div><\/div><\/div><\/div><\/section><section class=\"section mcb-section mfn-default-section mcb-section-og5fq3h4p\"   style=\"\" ><div class=\"mcb-background-overlay\"><\/div><div class=\"section_wrapper mfn-wrapper-for-wraps mcb-section-inner mcb-section-inner-og5fq3h4p\"><div  class=\"wrap mcb-wrap mcb-wrap-gf66ay6dq one tablet-one laptop-one mobile-one vb-item clearfix\" data-desktop-col=\"one\" data-laptop-col=\"laptop-one\" data-tablet-col=\"tablet-one\" data-mobile-col=\"mobile-one\" style=\"\"   ><div class=\"mcb-wrap-inner mcb-wrap-inner-gf66ay6dq mfn-module-wrapper mfn-wrapper-for-wraps\"  ><div class=\"mcb-wrap-background-overlay\"><\/div><div  class=\"column mcb-column mcb-item-7x4f9fqu one laptop-one tablet-one mobile-one column_button vb-item\" style=\"\" ><div class=\"mcb-column-inner mfn-module-wrapper mcb-column-inner-7x4f9fqu mcb-item-button-inner\"><a class=\"button  button_left button_size_1\" href=\"https:\/\/www.lafiracentrecomercial.com\/es\/actualidad-sin-filtros\/\"         title=\"\"><span class=\"button_icon\"><i class=\"icon-left-open\"  aria-hidden=\"true\"><\/i><\/span><span class=\"button_label\">Volver a Actualidad<\/span><\/a>\n<\/div><\/div><\/div><\/div><\/div><\/section><\/div>"},"publishpress_future_workflow_manual_trigger":{"enabledWorkflows":[]},"_links":{"self":[{"href":"https:\/\/www.lafiracentrecomercial.com\/es\/wp-json\/wp\/v2\/posts\/6580","targetHints":{"allow":["GET"]}}],"collection":[{"href":"https:\/\/www.lafiracentrecomercial.com\/es\/wp-json\/wp\/v2\/posts"}],"about":[{"href":"https:\/\/www.lafiracentrecomercial.com\/es\/wp-json\/wp\/v2\/types\/post"}],"author":[{"embeddable":true,"href":"https:\/\/www.lafiracentrecomercial.com\/es\/wp-json\/wp\/v2\/users\/2"}],"replies":[{"embeddable":true,"href":"https:\/\/www.lafiracentrecomercial.com\/es\/wp-json\/wp\/v2\/comments?post=6580"}],"version-history":[{"count":2,"href":"https:\/\/www.lafiracentrecomercial.com\/es\/wp-json\/wp\/v2\/posts\/6580\/revisions"}],"predecessor-version":[{"id":6594,"href":"https:\/\/www.lafiracentrecomercial.com\/es\/wp-json\/wp\/v2\/posts\/6580\/revisions\/6594"}],"wp:featuredmedia":[{"embeddable":true,"href":"https:\/\/www.lafiracentrecomercial.com\/es\/wp-json\/wp\/v2\/media\/6431"}],"wp:attachment":[{"href":"https:\/\/www.lafiracentrecomercial.com\/es\/wp-json\/wp\/v2\/media?parent=6580"}],"wp:term":[{"taxonomy":"category","embeddable":true,"href":"https:\/\/www.lafiracentrecomercial.com\/es\/wp-json\/wp\/v2\/categories?post=6580"},{"taxonomy":"post_tag","embeddable":true,"href":"https:\/\/www.lafiracentrecomercial.com\/es\/wp-json\/wp\/v2\/tags?post=6580"}],"curies":[{"name":"wp","href":"https:\/\/api.w.org\/{rel}","templated":true}]}}