{"id":6591,"date":"2025-03-26T08:33:03","date_gmt":"2025-03-26T08:33:03","guid":{"rendered":"https:\/\/www.lafiracentrecomercial.com\/?p=6591"},"modified":"2025-03-26T08:38:52","modified_gmt":"2025-03-26T08:38:52","slug":"la-fira-impulsa-las-adopciones-en-la-quinta-edicion-de-su-animal-day-con-actividades-para-todos-los-publicos-6591","status":"publish","type":"post","link":"https:\/\/www.lafiracentrecomercial.com\/es\/la-fira-impulsa-las-adopciones-en-la-quinta-edicion-de-su-animal-day-con-actividades-para-todos-los-publicos-6591\/","title":{"rendered":"La Fira impulsa las adopciones en la quinta edici\u00f3n de su \u201cAnimal Day\u201d con actividades para todos los p\u00fablicos"},"content":{"rendered":"\n<h5 class=\"wp-block-heading\"><\/h5>\n\n\n\n<div style=\"height:30px\" aria-hidden=\"true\" class=\"wp-block-spacer\"><\/div>\n\n\n\n<div style=\"height:30px\" aria-hidden=\"true\" class=\"wp-block-spacer\"><\/div>\n","protected":false},"excerpt":{"rendered":"<p>Durant tot el mar\u00e7, protectores d\u2019animals es troben al centre comercial per visibilitzar el seus projectes i facilitar l\u2019adopci\u00f3 d\u2019animals.<\/p>\n","protected":false},"author":2,"featured_media":6584,"comment_status":"closed","ping_status":"closed","sticky":false,"template":"","format":"standard","meta":{"footnotes":""},"categories":[],"tags":[],"class_list":["post-6591","post","type-post","status-publish","format-standard","has-post-thumbnail","hentry"],"featured_img_url":"https:\/\/www.lafiracentrecomercial.com\/wp-content\/uploads\/2025\/03\/ANIMAL-DAY-640X348-copia.webp","custom_meta":{"contentDirectorios":"","contentAux":"<div data-id=\"6591\" class=\"mfn-builder-content mfn-default-content-buider\"><section class=\"section mcb-section mfn-default-section mcb-section-zya15xmm4\"   style=\"\" ><div class=\"mcb-background-overlay\"><\/div><div class=\"section_wrapper mfn-wrapper-for-wraps mcb-section-inner mcb-section-inner-zya15xmm4\"><div  class=\"wrap mcb-wrap mcb-wrap-57fgysmgw one tablet-one laptop-one mobile-one vb-item clearfix\" data-desktop-col=\"one\" data-laptop-col=\"laptop-one\" data-tablet-col=\"tablet-one\" data-mobile-col=\"mobile-one\" style=\"\"   ><div class=\"mcb-wrap-inner mcb-wrap-inner-57fgysmgw mfn-module-wrapper mfn-wrapper-for-wraps\"  ><div class=\"mcb-wrap-background-overlay\"><\/div><div  class=\"column mcb-column mcb-item-b93pzwxr one laptop-one tablet-one mobile-one column_heading vb-item\" style=\"\" ><div class=\"mcb-column-inner mfn-module-wrapper mcb-column-inner-b93pzwxr mcb-item-heading-inner\"><h1 class=\"title\">La Fira impulsa las adopciones en la quinta edici\u00f3n de su \u201cAnimal Day\u201d con actividades para todos los p\u00fablicos<\/h1><\/div><\/div><\/div><\/div><\/div><\/section><section class=\"section mcb-section mfn-default-section mcb-section-nclnlo4md\"   style=\"\" ><div class=\"mcb-background-overlay\"><\/div><div class=\"section_wrapper mfn-wrapper-for-wraps mcb-section-inner mcb-section-inner-nclnlo4md\"><div  class=\"wrap mcb-wrap mcb-wrap-n7wicxah one tablet-one laptop-one mobile-one vb-item clearfix\" data-desktop-col=\"one\" data-laptop-col=\"laptop-one\" data-tablet-col=\"tablet-one\" data-mobile-col=\"mobile-one\" style=\"\"   ><div class=\"mcb-wrap-inner mcb-wrap-inner-n7wicxah mfn-module-wrapper mfn-wrapper-for-wraps\"  ><div class=\"mcb-wrap-background-overlay\"><\/div><div  class=\"column mcb-column mcb-item-41rdl25ri one laptop-one tablet-one mobile-one column_divider_2 vb-item\" style=\"\" ><div class=\"mcb-column-inner mfn-module-wrapper mcb-column-inner-41rdl25ri mcb-item-divider_2-inner\"><div class=\"mfn-divider mfn-divider-center\"><div class=\"mfn-divider-inner\"><\/div><\/div>\n<\/div><\/div><\/div><\/div><div  class=\"wrap mcb-wrap mcb-wrap-t76h8yas one tablet-one laptop-one mobile-one vb-item clearfix\" data-desktop-col=\"one\" data-laptop-col=\"laptop-one\" data-tablet-col=\"tablet-one\" data-mobile-col=\"mobile-one\" style=\"\"   ><div class=\"mcb-wrap-inner mcb-wrap-inner-t76h8yas mfn-module-wrapper mfn-wrapper-for-wraps\"  ><div class=\"mcb-wrap-background-overlay\"><\/div><div  class=\"column mcb-column mcb-item-gn9v2tqs one laptop-one tablet-one mobile-one column_column vb-item\" style=\"\" ><div class=\"mcb-column-inner mfn-module-wrapper mcb-column-inner-gn9v2tqs mcb-item-column-inner\"><div class=\"column_attr mfn-inline-editor clearfix\" style=\"\"><ul>\n<li>\n<h3><strong>Durante todo marzo, protectoras de animales se encuentran en el centro comercial para dar a conocer su labor y facilitar la adopci\u00f3n de animales.<\/strong><\/h3>\n<\/li>\n<li>\n<h3><strong>El \u2018Animal Day: V Jornada de acogida y adopci\u00f3n\u2019 se celebrar\u00e1 el 29 de marzo de 2025, con talleres, un desfile canino y el sorteo de productos de Kiwoko.<\/strong><\/h3>\n<\/li>\n<\/ul><\/div><\/div><\/div><div  class=\"column mcb-column mcb-item-m8d2zrppj one laptop-one tablet-one mobile-one column_image vb-item\" style=\"\" ><div class=\"mcb-column-inner mfn-module-wrapper mcb-column-inner-m8d2zrppj mcb-item-image-inner\"><div class=\"image_frame image_item no_link scale-with-grid element_classes alignnone stretch no_border mfn-img-box\" ><div class=\"image_wrapper\"><img width=\"1151\" height=\"759\" src=\"https:\/\/www.lafiracentrecomercial.com\/wp-content\/uploads\/2025\/03\/Unknown.jpeg\" class=\"scale-with-grid\" alt=\"\" style=\"\" decoding=\"async\" srcset=\"https:\/\/www.lafiracentrecomercial.com\/wp-content\/uploads\/2025\/03\/Unknown.jpeg 1151w, https:\/\/www.lafiracentrecomercial.com\/wp-content\/uploads\/2025\/03\/Unknown-500x330.jpeg 500w, https:\/\/www.lafiracentrecomercial.com\/wp-content\/uploads\/2025\/03\/Unknown-300x198.jpeg 300w, https:\/\/www.lafiracentrecomercial.com\/wp-content\/uploads\/2025\/03\/Unknown-768x506.jpeg 768w, https:\/\/www.lafiracentrecomercial.com\/wp-content\/uploads\/2025\/03\/Unknown-114x75.jpeg 114w, https:\/\/www.lafiracentrecomercial.com\/wp-content\/uploads\/2025\/03\/Unknown-480x317.jpeg 480w\" sizes=\"(max-width:767px) 480px, (max-width:1151px) 100vw, 1151px\" \/><\/div><\/div>\n<\/div><\/div><div  class=\"column mcb-column mcb-item-lw7l0bcoq one laptop-one tablet-one mobile-one column_column vb-item\" style=\"\" ><div class=\"mcb-column-inner mfn-module-wrapper mcb-column-inner-lw7l0bcoq mcb-item-column-inner\"><div class=\"column_attr mfn-inline-editor clearfix\" style=\"\"><p style=\"font-weight: 400;\"><a href=\"https:\/\/www.lafiracentrecomercial.com\/es\">La Fira Centre Comercial <\/a>se prepara para celebrar la quinta edici\u00f3n de su \u2018<strong>Animal Day: Jornada de acogida y adopci\u00f3n\u2019 <\/strong>el pr\u00f3ximo <strong>s\u00e1bado<\/strong> <strong>29 de marzo<\/strong>, un evento que, como cada a\u00f1o, celebra a los animales y promueve la adopci\u00f3n responsable.<\/p>\n<p style=\"font-weight: 400;\">Durante todo el mes de marzo, diversas protectoras de animales han estado presentes en el centro comercial para dar a conocer su trabajo y facilitar la adopci\u00f3n de mascotas, mientras los visitantes han podido realizar donaciones en los stands y recibir participaciones para un <strong>sorteo especial<\/strong> de tres lotes de productos de <strong>Kiwoko valorados en 50\u20ac<\/strong>.<\/p>\n<p style=\"font-weight: 400;\"><strong>Actividades del V Animal Day<\/strong><\/p>\n<p style=\"font-weight: 400;\">El evento central de este mes se celebrar\u00e1 el <strong>29 de marzo de 2025<\/strong> con una serie de actividades para toda la familia. A las <strong>12:00, empieza la jornada con un taller infantil de elaboraci\u00f3n de m\u00e1scaras de animales<\/strong>. La actividad ofrece un taller creativo en el que los m\u00e1s peque\u00f1os podr\u00e1n dise\u00f1ar sus propias m\u00e1scaras de animales, una actividad divertida y educativa para sensibilizar sobre la fauna y el cuidado de los animales.<\/p>\n<p style=\"font-weight: 400;\"><strong>A primera hora de la tarde, a las 16:30 h, dar\u00e1 comienzo el taller de adiestramiento con V\u00edctor Torres<\/strong>. Una clase pr\u00e1ctica de adiestramiento canino dirigida por <strong>V\u00edctor Torres<\/strong>, experto en comportamiento animal. Los asistentes podr\u00e1n aprender consejos y t\u00e9cnicas para mejorar la relaci\u00f3n con sus mascotas y aprender t\u00e9cnicas para mejorar aspectos relevantes como la socializaci\u00f3n o el paseo.<\/p>\n<p style=\"font-weight: 400;\"><strong>Finalmente, a las 17:30 h, tendr\u00e1 lugar el Gran Desfile Canino<\/strong>. El acto m\u00e1s esperado de la jornada reunir\u00e1 casi cuarenta perros en adopci\u00f3n de diferentes protectoras locales, as\u00ed como a mascotas de los propios visitantes del centro que quieran darse a conocer. El desfile, que este a\u00f1o lo presentar\u00e1 Pilar Rofes, coautora del libro <em>\u201cH\u00e9roes sobre ruedas\u201d <\/em>es una oportunidad tanto para los animales que buscan familia como para las mascotas que acuden al centro comercial<em>.<\/em> Adem\u00e1s, aquellos visitantes que participen en el desfile con sus mascotas entrar\u00e1n en el sorteo de un saco de pienso de 3 kg. El <strong>Gran Desfile Canino<\/strong>tendr\u00e1 lugar en la segunda planta de <strong>La Fira<\/strong>.<\/p>\n<p style=\"font-weight: 400;\">Este evento no solo pretende ser un espacio de entretenimiento, sino tambi\u00e9n una oportunidad para sensibilizar a los visitantes sobre la adopci\u00f3n responsable y la importancia de la protecci\u00f3n animal. Con actividades interactivas, sorteos y un desfile inclusivo, La Fira ofrece un d\u00eda especial para disfrutar en el centro comercial incluyendo a las mascotas en el ocio familiar.<\/p>\n<p style=\"font-weight: 400;\"><strong>Compromiso continuo con el bienestar animal<\/strong><\/p>\n<p style=\"font-weight: 400;\">El <strong>Animal Day: V Jornada de acogida y adopci\u00f3n <\/strong>reafirma el compromiso de <strong>La Fira Centre Comercial<\/strong>con la comunidad y el bienestar animal. Con actividades pensadas para todas las edades, el centro busca promover un estilo de vida responsable y solidario, ofreciendo un espacio para la adopci\u00f3n y el cuidado de los animales.<\/p>\n<p style=\"font-weight: 400;\"><span style=\"font-weight: 400;\">Adem\u00e1s, este evento forma parte de la estrategia de La Fira por seguir ampliando su oferta de actividades que combinan la cultura, el ocio y el compromiso social. Durante todo el mes de marzo, las protectoras seguir\u00e1n presentes en el centro comercial, brindando a los visitantes la oportunidad de conocer su labor y adoptar animales.<\/span><\/p><\/div><\/div><\/div><div  class=\"column mcb-column mcb-item-83f6go2re one laptop-one tablet-one mobile-one column_image vb-item\" style=\"\" ><div class=\"mcb-column-inner mfn-module-wrapper mcb-column-inner-83f6go2re mcb-item-image-inner\"><div class=\"image_frame image_item no_link scale-with-grid element_classes alignnone stretch no_border mfn-img-box\" ><div class=\"image_wrapper\"><img width=\"1201\" height=\"845\" src=\"https:\/\/www.lafiracentrecomercial.com\/wp-content\/uploads\/2025\/03\/24-02-24-ANIMAL-DAY-9.jpeg\" class=\"scale-with-grid\" alt=\"\" style=\"\" decoding=\"async\" srcset=\"https:\/\/www.lafiracentrecomercial.com\/wp-content\/uploads\/2025\/03\/24-02-24-ANIMAL-DAY-9.jpeg 1201w, https:\/\/www.lafiracentrecomercial.com\/wp-content\/uploads\/2025\/03\/24-02-24-ANIMAL-DAY-9-500x352.jpeg 500w, https:\/\/www.lafiracentrecomercial.com\/wp-content\/uploads\/2025\/03\/24-02-24-ANIMAL-DAY-9-300x211.jpeg 300w, https:\/\/www.lafiracentrecomercial.com\/wp-content\/uploads\/2025\/03\/24-02-24-ANIMAL-DAY-9-768x540.jpeg 768w, https:\/\/www.lafiracentrecomercial.com\/wp-content\/uploads\/2025\/03\/24-02-24-ANIMAL-DAY-9-107x75.jpeg 107w, https:\/\/www.lafiracentrecomercial.com\/wp-content\/uploads\/2025\/03\/24-02-24-ANIMAL-DAY-9-480x338.jpeg 480w\" sizes=\"(max-width:767px) 480px, (max-width:1201px) 100vw, 1201px\" \/><\/div><\/div>\n<\/div><\/div><\/div><\/div><div  class=\"wrap mcb-wrap mcb-wrap-6cpan9fzo one-second tablet-one-second laptop-one-second mobile-one vb-item clearfix\" data-desktop-col=\"one-second\" data-laptop-col=\"laptop-one-second\" data-tablet-col=\"tablet-one-second\" data-mobile-col=\"mobile-one\" style=\"\"   ><div class=\"mcb-wrap-inner mcb-wrap-inner-6cpan9fzo mfn-module-wrapper mfn-wrapper-for-wraps\"  ><div class=\"mcb-wrap-background-overlay\"><\/div><\/div><\/div><div  class=\"wrap mcb-wrap mcb-wrap-1f11nuaob divider   mobile-one vb-item clearfix\" data-desktop-col=\"divider\" data-laptop-col=\"\" data-tablet-col=\"\" data-mobile-col=\"mobile-one\" style=\"\"   ><div class=\"mcb-wrap-inner mcb-wrap-inner-1f11nuaob mfn-module-wrapper mfn-wrapper-for-wraps\"  ><div class=\"mcb-wrap-background-overlay\"><\/div><\/div><\/div><div  class=\"wrap mcb-wrap mcb-wrap-jxwweexfr divider   mobile-one vb-item clearfix\" data-desktop-col=\"divider\" data-laptop-col=\"\" data-tablet-col=\"\" data-mobile-col=\"mobile-one\" style=\"\"   ><div class=\"mcb-wrap-inner mcb-wrap-inner-jxwweexfr mfn-module-wrapper mfn-wrapper-for-wraps\"  ><div class=\"mcb-wrap-background-overlay\"><\/div><\/div><\/div><\/div><\/section><section class=\"section mcb-section mfn-default-section mcb-section-xya0k15k\"   style=\"\" ><div class=\"mcb-background-overlay\"><\/div><div class=\"section_wrapper mfn-wrapper-for-wraps mcb-section-inner mcb-section-inner-xya0k15k\"><div  class=\"wrap mcb-wrap mcb-wrap-8wxqoc7gp one-second tablet-one-second laptop-one-second mobile-one vb-item clearfix\" data-desktop-col=\"one-second\" data-laptop-col=\"laptop-one-second\" data-tablet-col=\"tablet-one-second\" data-mobile-col=\"mobile-one\" style=\"\"   ><div class=\"mcb-wrap-inner mcb-wrap-inner-8wxqoc7gp mfn-module-wrapper mfn-wrapper-for-wraps\"  ><div class=\"mcb-wrap-background-overlay\"><\/div><\/div><\/div><\/div><\/section><section class=\"section mcb-section mfn-default-section mcb-section-og5fq3h4p\"   style=\"\" ><div class=\"mcb-background-overlay\"><\/div><div class=\"section_wrapper mfn-wrapper-for-wraps mcb-section-inner mcb-section-inner-og5fq3h4p\"><div  class=\"wrap mcb-wrap mcb-wrap-gf66ay6dq one tablet-one laptop-one mobile-one vb-item clearfix\" data-desktop-col=\"one\" data-laptop-col=\"laptop-one\" data-tablet-col=\"tablet-one\" data-mobile-col=\"mobile-one\" style=\"\"   ><div class=\"mcb-wrap-inner mcb-wrap-inner-gf66ay6dq mfn-module-wrapper mfn-wrapper-for-wraps\"  ><div class=\"mcb-wrap-background-overlay\"><\/div><div  class=\"column mcb-column mcb-item-7x4f9fqu one laptop-one tablet-one mobile-one column_button vb-item\" style=\"\" ><div class=\"mcb-column-inner mfn-module-wrapper mcb-column-inner-7x4f9fqu mcb-item-button-inner\"><a class=\"button  button_left button_size_1\" href=\"https:\/\/www.lafiracentrecomercial.com\/es\/actualidad-sin-filtros\/\"         title=\"\"><span class=\"button_icon\"><i class=\"icon-left-open\"  aria-hidden=\"true\"><\/i><\/span><span class=\"button_label\">Volver a Actualidad<\/span><\/a>\n<\/div><\/div><\/div><\/div><\/div><\/section><\/div>"},"publishpress_future_workflow_manual_trigger":{"enabledWorkflows":[]},"_links":{"self":[{"href":"https:\/\/www.lafiracentrecomercial.com\/es\/wp-json\/wp\/v2\/posts\/6591","targetHints":{"allow":["GET"]}}],"collection":[{"href":"https:\/\/www.lafiracentrecomercial.com\/es\/wp-json\/wp\/v2\/posts"}],"about":[{"href":"https:\/\/www.lafiracentrecomercial.com\/es\/wp-json\/wp\/v2\/types\/post"}],"author":[{"embeddable":true,"href":"https:\/\/www.lafiracentrecomercial.com\/es\/wp-json\/wp\/v2\/users\/2"}],"replies":[{"embeddable":true,"href":"https:\/\/www.lafiracentrecomercial.com\/es\/wp-json\/wp\/v2\/comments?post=6591"}],"version-history":[{"count":1,"href":"https:\/\/www.lafiracentrecomercial.com\/es\/wp-json\/wp\/v2\/posts\/6591\/revisions"}],"predecessor-version":[{"id":6592,"href":"https:\/\/www.lafiracentrecomercial.com\/es\/wp-json\/wp\/v2\/posts\/6591\/revisions\/6592"}],"wp:featuredmedia":[{"embeddable":true,"href":"https:\/\/www.lafiracentrecomercial.com\/es\/wp-json\/wp\/v2\/media\/6584"}],"wp:attachment":[{"href":"https:\/\/www.lafiracentrecomercial.com\/es\/wp-json\/wp\/v2\/media?parent=6591"}],"wp:term":[{"taxonomy":"category","embeddable":true,"href":"https:\/\/www.lafiracentrecomercial.com\/es\/wp-json\/wp\/v2\/categories?post=6591"},{"taxonomy":"post_tag","embeddable":true,"href":"https:\/\/www.lafiracentrecomercial.com\/es\/wp-json\/wp\/v2\/tags?post=6591"}],"curies":[{"name":"wp","href":"https:\/\/api.w.org\/{rel}","templated":true}]}}