{"id":7481,"date":"2025-11-27T08:32:41","date_gmt":"2025-11-27T08:32:41","guid":{"rendered":"https:\/\/www.lafiracentrecomercial.com\/?p=7481"},"modified":"2025-11-28T10:02:01","modified_gmt":"2025-11-28T10:02:01","slug":"calendario-de-adviento-24-dias-24-premios","status":"publish","type":"post","link":"https:\/\/www.lafiracentrecomercial.com\/es\/calendario-de-adviento-24-dias-24-premios\/","title":{"rendered":"CALENDARIO DE ADVIENTO: 24 D\u00cdAS, 24 PREMIOS"},"content":{"rendered":"\n<h5 class=\"wp-block-heading\"><\/h5>\n\n\n\n<div style=\"height:30px\" aria-hidden=\"true\" class=\"wp-block-spacer\"><\/div>\n\n\n\n<div style=\"height:30px\" aria-hidden=\"true\" class=\"wp-block-spacer\"><\/div>\n\n\n\n<p><\/p>\n","protected":false},"excerpt":{"rendered":"<p>La novedad de esta Navidad ser\u00e1 la celebraci\u00f3n del Calendario de Adviento de La Fira, que repartir\u00e1 regalos cada d\u00eda con el objetivo de premiar la fidelidad y la confianza de los visitantes. <\/p>\n","protected":false},"author":2,"featured_media":7484,"comment_status":"closed","ping_status":"closed","sticky":false,"template":"","format":"standard","meta":{"footnotes":""},"categories":[80,116],"tags":[],"class_list":["post-7481","post","type-post","status-publish","format-standard","has-post-thumbnail","hentry","category-sin-categorizar","category-sin-categorizar-2"],"featured_img_url":"https:\/\/www.lafiracentrecomercial.com\/wp-content\/uploads\/2025\/11\/NOTICIAS-WEB-640X348-CALENDARI-ESP.webp","custom_meta":{"contentDirectorios":"","contentAux":"<div data-id=\"7481\" class=\"mfn-builder-content mfn-default-content-buider\"><section class=\"section mcb-section mfn-default-section mcb-section-zya15xmm4 default-width\"   style=\"\" ><div class=\"mcb-background-overlay\"><\/div><div class=\"section_wrapper mfn-wrapper-for-wraps mcb-section-inner mcb-section-inner-zya15xmm4\"><div  class=\"wrap mcb-wrap mcb-wrap-57fgysmgw one tablet-one laptop-one mobile-one vb-item clearfix\" data-desktop-col=\"one\" data-laptop-col=\"laptop-one\" data-tablet-col=\"tablet-one\" data-mobile-col=\"mobile-one\" style=\"\"   ><div class=\"mcb-wrap-inner mcb-wrap-inner-57fgysmgw mfn-module-wrapper mfn-wrapper-for-wraps\"  ><div class=\"mcb-wrap-background-overlay\"><\/div><div  class=\"column mcb-column mcb-item-b93pzwxr one laptop-one tablet-one mobile-one column_heading vb-item\" style=\"\" ><div class=\"mcb-column-inner mfn-module-wrapper mcb-column-inner-b93pzwxr mcb-item-heading-inner\"><h1 class=\"title\">CALENDARIO DE ADVIENTO: 24 D\u00cdAS, 24 PREMIOS<\/h1><\/div><\/div><\/div><\/div><\/div><\/section><section class=\"section mcb-section mfn-default-section mcb-section-nclnlo4md default-width\"   style=\"\" ><div class=\"mcb-background-overlay\"><\/div><div class=\"section_wrapper mfn-wrapper-for-wraps mcb-section-inner mcb-section-inner-nclnlo4md\"><div  class=\"wrap mcb-wrap mcb-wrap-n7wicxah one tablet-one laptop-one mobile-one vb-item clearfix\" data-desktop-col=\"one\" data-laptop-col=\"laptop-one\" data-tablet-col=\"tablet-one\" data-mobile-col=\"mobile-one\" style=\"\"   ><div class=\"mcb-wrap-inner mcb-wrap-inner-n7wicxah mfn-module-wrapper mfn-wrapper-for-wraps\"  ><div class=\"mcb-wrap-background-overlay\"><\/div><div  class=\"column mcb-column mcb-item-41rdl25ri one laptop-one tablet-one mobile-one column_divider_2 vb-item\" style=\"\" ><div class=\"mcb-column-inner mfn-module-wrapper mcb-column-inner-41rdl25ri mcb-item-divider_2-inner\"><div class=\"mfn-divider mfn-divider-center\"><div class=\"mfn-divider-inner\"><\/div><\/div>\n<\/div><\/div><\/div><\/div><div  class=\"wrap mcb-wrap mcb-wrap-t76h8yas one tablet-one laptop-one mobile-one vb-item clearfix\" data-desktop-col=\"one\" data-laptop-col=\"laptop-one\" data-tablet-col=\"tablet-one\" data-mobile-col=\"mobile-one\" style=\"\"   ><div class=\"mcb-wrap-inner mcb-wrap-inner-t76h8yas mfn-module-wrapper mfn-wrapper-for-wraps\"  ><div class=\"mcb-wrap-background-overlay\"><\/div><div  class=\"column mcb-column mcb-item-qqd0kox one laptop-one tablet-one mobile-one column_image vb-item\" style=\"\" ><div class=\"mcb-column-inner mfn-module-wrapper mcb-column-inner-qqd0kox mcb-item-image-inner\"><div class=\"image_frame image_item no_link scale-with-grid element_classes alignnone stretch no_border mfn-img-box\" ><div class=\"image_wrapper\"><img width=\"1920\" height=\"1080\" src=\"https:\/\/www.lafiracentrecomercial.com\/wp-content\/uploads\/2025\/11\/WEB-CALENDARIO-ADVIENTO-NAVIDAD-LA-FIRA-ESP.webp\" class=\"scale-with-grid\" alt=\"\" style=\"\" decoding=\"async\" srcset=\"https:\/\/www.lafiracentrecomercial.com\/wp-content\/uploads\/2025\/11\/WEB-CALENDARIO-ADVIENTO-NAVIDAD-LA-FIRA-ESP.webp 1920w, https:\/\/www.lafiracentrecomercial.com\/wp-content\/uploads\/2025\/11\/WEB-CALENDARIO-ADVIENTO-NAVIDAD-LA-FIRA-ESP-500x281.webp 500w, https:\/\/www.lafiracentrecomercial.com\/wp-content\/uploads\/2025\/11\/WEB-CALENDARIO-ADVIENTO-NAVIDAD-LA-FIRA-ESP-1200x675.webp 1200w, https:\/\/www.lafiracentrecomercial.com\/wp-content\/uploads\/2025\/11\/WEB-CALENDARIO-ADVIENTO-NAVIDAD-LA-FIRA-ESP-300x169.webp 300w, https:\/\/www.lafiracentrecomercial.com\/wp-content\/uploads\/2025\/11\/WEB-CALENDARIO-ADVIENTO-NAVIDAD-LA-FIRA-ESP-768x432.webp 768w, https:\/\/www.lafiracentrecomercial.com\/wp-content\/uploads\/2025\/11\/WEB-CALENDARIO-ADVIENTO-NAVIDAD-LA-FIRA-ESP-1536x864.webp 1536w, https:\/\/www.lafiracentrecomercial.com\/wp-content\/uploads\/2025\/11\/WEB-CALENDARIO-ADVIENTO-NAVIDAD-LA-FIRA-ESP-133x75.webp 133w, https:\/\/www.lafiracentrecomercial.com\/wp-content\/uploads\/2025\/11\/WEB-CALENDARIO-ADVIENTO-NAVIDAD-LA-FIRA-ESP-480x270.webp 480w\" sizes=\"(max-width:767px) 480px, (max-width:1920px) 100vw, 1920px\" \/><\/div><\/div>\n<\/div><\/div><\/div><\/div><div  class=\"wrap mcb-wrap mcb-wrap-1f11nuaob divider   mobile-one vb-item clearfix\" data-desktop-col=\"divider\" data-laptop-col=\"\" data-tablet-col=\"\" data-mobile-col=\"mobile-one\" style=\"\"   ><div class=\"mcb-wrap-inner mcb-wrap-inner-1f11nuaob mfn-module-wrapper mfn-wrapper-for-wraps\"  ><div class=\"mcb-wrap-background-overlay\"><\/div><\/div><\/div><div  class=\"wrap mcb-wrap mcb-wrap-jxwweexfr divider   mobile-one vb-item clearfix\" data-desktop-col=\"divider\" data-laptop-col=\"\" data-tablet-col=\"\" data-mobile-col=\"mobile-one\" style=\"\"   ><div class=\"mcb-wrap-inner mcb-wrap-inner-jxwweexfr mfn-module-wrapper mfn-wrapper-for-wraps\"  ><div class=\"mcb-wrap-background-overlay\"><\/div><\/div><\/div><\/div><\/section><section class=\"section mcb-section mfn-default-section mcb-section-gyqxmphl\"   style=\"\" ><div class=\"mcb-background-overlay\"><\/div><div class=\"section_wrapper mfn-wrapper-for-wraps mcb-section-inner mcb-section-inner-gyqxmphl\"><div  class=\"wrap mcb-wrap mcb-wrap-h723tw3 one-second tablet-one-second laptop-one-second mobile-one vb-item clearfix\" data-desktop-col=\"one-second\" data-laptop-col=\"laptop-one-second\" data-tablet-col=\"tablet-one-second\" data-mobile-col=\"mobile-one\" style=\"\"   ><div class=\"mcb-wrap-inner mcb-wrap-inner-h723tw3 mfn-module-wrapper mfn-wrapper-for-wraps\"  ><div class=\"mcb-wrap-background-overlay\"><\/div><div  class=\"column mcb-column mcb-item-lw7l0bcoq one laptop-one tablet-one mobile-one column_column vb-item\" style=\"\" ><div class=\"mcb-column-inner mfn-module-wrapper mcb-column-inner-lw7l0bcoq mcb-item-column-inner\"><div class=\"column_attr mfn-inline-editor clearfix\" style=\"\"><p><span style=\"font-family: Poppins, -apple-system, BlinkMacSystemFont, Segoe UI, Roboto, Oxygen-Sans, Ubuntu, Cantarell, Helvetica Neue, sans-serif; font-size: 15px; font-style: normal; font-variant-ligatures: normal; font-variant-caps: normal; letter-spacing: 0px; font-weight: 700;\">La Fira Centre Comercial&nbsp;<\/span><span style=\"font-family: Poppins, -apple-system, BlinkMacSystemFont, Segoe UI, Roboto, Oxygen-Sans, Ubuntu, Cantarell, Helvetica Neue, sans-serif; font-size: 15px; font-style: normal; font-variant-ligatures: normal; font-variant-caps: normal; font-weight: 400; letter-spacing: 0px;\">ha<\/span><span style=\"font-family: Poppins, -apple-system, BlinkMacSystemFont, Segoe UI, Roboto, Oxygen-Sans, Ubuntu, Cantarell, Helvetica Neue, sans-serif; font-size: 15px; font-style: normal; font-variant-ligatures: normal; font-variant-caps: normal; letter-spacing: 0px; font-weight: 700;\">&nbsp;<\/span><span style=\"font-family: Poppins, -apple-system, BlinkMacSystemFont, Segoe UI, Roboto, Oxygen-Sans, Ubuntu, Cantarell, Helvetica Neue, sans-serif; font-size: 15px; font-style: normal; font-variant-ligatures: normal; font-variant-caps: normal; font-weight: 400; letter-spacing: 0px;\">preparado para estas navidades una iniciativa muy especial. Se trata del concurso del&nbsp;<\/span><strong>Calendario de Adviento de La Fira<\/strong>, que repartir\u00e1 regalos cada d\u00eda para premiar la fidelidad y la confianza de nuestros visitantes con los que queremos compartir la magia de estos d\u00edas tan especiales. Del <strong>1 al 24 de diciembre<\/strong>, todos los clientes con un ticket de compra igual o superior a 20 euros de cualquiera de los establecimientos del centro podr\u00e9is participar en un sorteo diario y llevaros fant\u00e1sticos premios.<\/p>\n<p>Solo ten\u00e9is que presentar el ticket en el <strong>Punto de Atenci\u00f3n al Cliente<\/strong> (situado en la Planta Calle) y podr\u00e9is ganar alguno de los numerosos premios que tenemos preparados: <b>vales de compra, descuentos, cestas de Navidad, entradas, tratamientos de belleza y muchas m\u00e1s sorpresas.<\/b><\/p>\n<p>Los premios se dar\u00e1n a conocer cada d\u00eda a trav\u00e9s de las plataformas digitales y en el calendario de adviento f\u00edsico que encontrar\u00e9is en La Fira. A continuaci\u00f3n os mostramos las marcas que participan de esta gran campa\u00f1a navide\u00f1a y a las que queremos agradecer enormemente su participaci\u00f3n.&nbsp;<\/p><p><b>Os esperamos a todos en La Fira<\/b>. <b>\u00a1Buena suerte!<\/b><\/p><\/div><\/div><\/div><div  class=\"column mcb-column mcb-item-6ao74dn4 one laptop-one tablet-one mobile-one column_button vb-item\" style=\"\" ><div class=\"mcb-column-inner mfn-module-wrapper mcb-column-inner-6ao74dn4 mcb-item-button-inner\"><a class=\"button  button_size_2\" href=\"https:\/\/www.lafiracentrecomercial.com\/wp-content\/uploads\/2025\/11\/BASES-LEGALES-CALENDARIO-ADVIENTO-1.pdf\"         title=\"\"><span class=\"button_label\">BASES LEGALES<\/span><\/a>\n<\/div><\/div><\/div><\/div><div  class=\"wrap mcb-wrap mcb-wrap-tt7nia68 one-second tablet-one-second laptop-one-second mobile-one vb-item clearfix\" data-desktop-col=\"one-second\" data-laptop-col=\"laptop-one-second\" data-tablet-col=\"tablet-one-second\" data-mobile-col=\"mobile-one\" style=\"\"   ><div class=\"mcb-wrap-inner mcb-wrap-inner-tt7nia68 mfn-module-wrapper mfn-wrapper-for-wraps\"  ><div class=\"mcb-wrap-background-overlay\"><\/div><div  class=\"column mcb-column mcb-item-mlglz1e one laptop-one tablet-one mobile-one column_image vb-item\" style=\"\" ><div class=\"mcb-column-inner mfn-module-wrapper mcb-column-inner-mlglz1e mcb-item-image-inner\"><div class=\"image_frame image_item no_link scale-with-grid element_classes alignnone no_border mfn-img-box\" ><div class=\"image_wrapper\"><img width=\"1080\" height=\"1350\" src=\"https:\/\/www.lafiracentrecomercial.com\/wp-content\/uploads\/2025\/11\/POST-LOGOS-CALENDARIO-ADVIENTO-NAVIDAD-LA-FIRA-2.jpg\" class=\"scale-with-grid\" alt=\"\" style=\"\" decoding=\"async\" srcset=\"https:\/\/www.lafiracentrecomercial.com\/wp-content\/uploads\/2025\/11\/POST-LOGOS-CALENDARIO-ADVIENTO-NAVIDAD-LA-FIRA-2.jpg 1080w, https:\/\/www.lafiracentrecomercial.com\/wp-content\/uploads\/2025\/11\/POST-LOGOS-CALENDARIO-ADVIENTO-NAVIDAD-LA-FIRA-2-400x500.jpg 400w, https:\/\/www.lafiracentrecomercial.com\/wp-content\/uploads\/2025\/11\/POST-LOGOS-CALENDARIO-ADVIENTO-NAVIDAD-LA-FIRA-2-960x1200.jpg 960w, https:\/\/www.lafiracentrecomercial.com\/wp-content\/uploads\/2025\/11\/POST-LOGOS-CALENDARIO-ADVIENTO-NAVIDAD-LA-FIRA-2-240x300.jpg 240w, https:\/\/www.lafiracentrecomercial.com\/wp-content\/uploads\/2025\/11\/POST-LOGOS-CALENDARIO-ADVIENTO-NAVIDAD-LA-FIRA-2-768x960.jpg 768w, https:\/\/www.lafiracentrecomercial.com\/wp-content\/uploads\/2025\/11\/POST-LOGOS-CALENDARIO-ADVIENTO-NAVIDAD-LA-FIRA-2-60x75.jpg 60w, https:\/\/www.lafiracentrecomercial.com\/wp-content\/uploads\/2025\/11\/POST-LOGOS-CALENDARIO-ADVIENTO-NAVIDAD-LA-FIRA-2-480x600.jpg 480w\" sizes=\"(max-width:767px) 480px, (max-width:1080px) 100vw, 1080px\" \/><\/div><\/div>\n<\/div><\/div><\/div><\/div><\/div><\/section><section class=\"section mcb-section mfn-default-section mcb-section-og5fq3h4p default-width\"   style=\"\" ><div class=\"mcb-background-overlay\"><\/div><div class=\"section_wrapper mfn-wrapper-for-wraps mcb-section-inner mcb-section-inner-og5fq3h4p\"><div  class=\"wrap mcb-wrap mcb-wrap-gf66ay6dq one tablet-one laptop-one mobile-one vb-item clearfix\" data-desktop-col=\"one\" data-laptop-col=\"laptop-one\" data-tablet-col=\"tablet-one\" data-mobile-col=\"mobile-one\" style=\"\"   ><div class=\"mcb-wrap-inner mcb-wrap-inner-gf66ay6dq mfn-module-wrapper mfn-wrapper-for-wraps\"  ><div class=\"mcb-wrap-background-overlay\"><\/div><div  class=\"column mcb-column mcb-item-7x4f9fqu one laptop-one tablet-one mobile-one column_button vb-item\" style=\"\" ><div class=\"mcb-column-inner mfn-module-wrapper mcb-column-inner-7x4f9fqu mcb-item-button-inner\"><a class=\"button  button_left button_size_1\" href=\"https:\/\/www.lafiracentrecomercial.com\/es\/actualidad-sin-filtros\/\"         title=\"\"><span class=\"button_icon\"><i class=\"icon-left-open\"  aria-hidden=\"true\"><\/i><\/span><span class=\"button_label\">Volver a Actualidad<\/span><\/a>\n<\/div><\/div><\/div><\/div><\/div><\/section><\/div>"},"publishpress_future_workflow_manual_trigger":{"enabledWorkflows":[]},"_links":{"self":[{"href":"https:\/\/www.lafiracentrecomercial.com\/es\/wp-json\/wp\/v2\/posts\/7481","targetHints":{"allow":["GET"]}}],"collection":[{"href":"https:\/\/www.lafiracentrecomercial.com\/es\/wp-json\/wp\/v2\/posts"}],"about":[{"href":"https:\/\/www.lafiracentrecomercial.com\/es\/wp-json\/wp\/v2\/types\/post"}],"author":[{"embeddable":true,"href":"https:\/\/www.lafiracentrecomercial.com\/es\/wp-json\/wp\/v2\/users\/2"}],"replies":[{"embeddable":true,"href":"https:\/\/www.lafiracentrecomercial.com\/es\/wp-json\/wp\/v2\/comments?post=7481"}],"version-history":[{"count":2,"href":"https:\/\/www.lafiracentrecomercial.com\/es\/wp-json\/wp\/v2\/posts\/7481\/revisions"}],"predecessor-version":[{"id":7483,"href":"https:\/\/www.lafiracentrecomercial.com\/es\/wp-json\/wp\/v2\/posts\/7481\/revisions\/7483"}],"wp:featuredmedia":[{"embeddable":true,"href":"https:\/\/www.lafiracentrecomercial.com\/es\/wp-json\/wp\/v2\/media\/7484"}],"wp:attachment":[{"href":"https:\/\/www.lafiracentrecomercial.com\/es\/wp-json\/wp\/v2\/media?parent=7481"}],"wp:term":[{"taxonomy":"category","embeddable":true,"href":"https:\/\/www.lafiracentrecomercial.com\/es\/wp-json\/wp\/v2\/categories?post=7481"},{"taxonomy":"post_tag","embeddable":true,"href":"https:\/\/www.lafiracentrecomercial.com\/es\/wp-json\/wp\/v2\/tags?post=7481"}],"curies":[{"name":"wp","href":"https:\/\/api.w.org\/{rel}","templated":true}]}}