{"id":7785,"date":"2026-01-12T08:05:15","date_gmt":"2026-01-12T08:05:15","guid":{"rendered":"https:\/\/www.lafiracentrecomercial.com\/?p=7785"},"modified":"2026-01-12T08:10:32","modified_gmt":"2026-01-12T08:10:32","slug":"la-fira-acoge-con-exito-una-jornada-de-donacion-de-sangre","status":"publish","type":"post","link":"https:\/\/www.lafiracentrecomercial.com\/es\/la-fira-acoge-con-exito-una-jornada-de-donacion-de-sangre\/","title":{"rendered":"La Fira acoge con \u00e9xito una jornada de donaci\u00f3n de sangre"},"content":{"rendered":"\n<h5 class=\"wp-block-heading\"><\/h5>\n\n\n\n<div style=\"height:30px\" aria-hidden=\"true\" class=\"wp-block-spacer\"><\/div>\n\n\n\n<div style=\"height:30px\" aria-hidden=\"true\" class=\"wp-block-spacer\"><\/div>\n\n\n\n<p><\/p>\n","protected":false},"excerpt":{"rendered":"<p>La campa\u00f1a ha tenido lugar dentro del centro comercial y ha sumado 67 donaciones y 10 ofrecimientos<\/p>\n","protected":false},"author":2,"featured_media":7782,"comment_status":"closed","ping_status":"closed","sticky":false,"template":"","format":"standard","meta":{"footnotes":""},"categories":[80,116],"tags":[],"class_list":["post-7785","post","type-post","status-publish","format-standard","has-post-thumbnail","hentry","category-sin-categorizar","category-sin-categorizar-2"],"featured_img_url":"https:\/\/www.lafiracentrecomercial.com\/wp-content\/uploads\/2026\/01\/NOTICIAS-WEB-donacion-sangre-640X348-copia.webp","custom_meta":{"contentDirectorios":"","contentAux":"<div data-id=\"7785\" class=\"mfn-builder-content mfn-default-content-buider\"><section class=\"section mcb-section mfn-default-section mcb-section-zya15xmm4 default-width\"   style=\"\" ><div class=\"mcb-background-overlay\"><\/div><div class=\"section_wrapper mfn-wrapper-for-wraps mcb-section-inner mcb-section-inner-zya15xmm4\"><div  class=\"wrap mcb-wrap mcb-wrap-57fgysmgw one tablet-one laptop-one mobile-one vb-item clearfix\" data-desktop-col=\"one\" data-laptop-col=\"laptop-one\" data-tablet-col=\"tablet-one\" data-mobile-col=\"mobile-one\" style=\"\"   ><div class=\"mcb-wrap-inner mcb-wrap-inner-57fgysmgw mfn-module-wrapper mfn-wrapper-for-wraps\"  ><div class=\"mcb-wrap-background-overlay\"><\/div><div  class=\"column mcb-column mcb-item-b93pzwxr one laptop-one tablet-one mobile-one column_heading vb-item\" style=\"\" ><div class=\"mcb-column-inner mfn-module-wrapper mcb-column-inner-b93pzwxr mcb-item-heading-inner\"><h1 class=\"title\">La Fira acoge con \u00e9xito una jornada de donaci\u00f3n de sangre<\/h1><\/div><\/div><div  class=\"column mcb-column mcb-item-lwrwzz9l one laptop-one tablet-one mobile-one column_column vb-item\" style=\"\" ><div class=\"mcb-column-inner mfn-module-wrapper mcb-column-inner-lwrwzz9l mcb-item-column-inner\"><div class=\"column_attr mfn-inline-editor clearfix\" style=\"\"><ul>\n<li>\n<h3><strong>La campa\u00f1a ha tenido lugar dentro del centro comercial y ha sumado 67 donaciones y 10 ofrecimientos<\/strong><\/h3>\n<\/li>\n<\/ul><\/div><\/div><\/div><\/div><\/div><\/div><\/section><section class=\"section mcb-section mfn-default-section mcb-section-nclnlo4md default-width\"   style=\"\" ><div class=\"mcb-background-overlay\"><\/div><div class=\"section_wrapper mfn-wrapper-for-wraps mcb-section-inner mcb-section-inner-nclnlo4md\"><div  class=\"wrap mcb-wrap mcb-wrap-t76h8yas one tablet-one laptop-one mobile-one vb-item clearfix\" data-desktop-col=\"one\" data-laptop-col=\"laptop-one\" data-tablet-col=\"tablet-one\" data-mobile-col=\"mobile-one\" style=\"\"   ><div class=\"mcb-wrap-inner mcb-wrap-inner-t76h8yas mfn-module-wrapper mfn-wrapper-for-wraps\"  ><div class=\"mcb-wrap-background-overlay\"><\/div><div  class=\"column mcb-column mcb-item-qqd0kox one laptop-one tablet-one mobile-one column_image vb-item\" style=\"\" ><div class=\"mcb-column-inner mfn-module-wrapper mcb-column-inner-qqd0kox mcb-item-image-inner\"><div class=\"image_frame image_item no_link scale-with-grid element_classes alignnone stretch no_border mfn-img-box\" ><div class=\"image_wrapper\"><img width=\"2560\" height=\"1832\" src=\"https:\/\/www.lafiracentrecomercial.com\/wp-content\/uploads\/2026\/01\/La-Fira-donacion-sangre-2026-3-scaled.jpeg\" class=\"scale-with-grid\" alt=\"\" style=\"\" decoding=\"async\" srcset=\"https:\/\/www.lafiracentrecomercial.com\/wp-content\/uploads\/2026\/01\/La-Fira-donacion-sangre-2026-3-scaled.jpeg 2560w, https:\/\/www.lafiracentrecomercial.com\/wp-content\/uploads\/2026\/01\/La-Fira-donacion-sangre-2026-3-500x358.jpeg 500w, https:\/\/www.lafiracentrecomercial.com\/wp-content\/uploads\/2026\/01\/La-Fira-donacion-sangre-2026-3-1200x859.jpeg 1200w, https:\/\/www.lafiracentrecomercial.com\/wp-content\/uploads\/2026\/01\/La-Fira-donacion-sangre-2026-3-300x215.jpeg 300w, https:\/\/www.lafiracentrecomercial.com\/wp-content\/uploads\/2026\/01\/La-Fira-donacion-sangre-2026-3-768x550.jpeg 768w, https:\/\/www.lafiracentrecomercial.com\/wp-content\/uploads\/2026\/01\/La-Fira-donacion-sangre-2026-3-1536x1099.jpeg 1536w, https:\/\/www.lafiracentrecomercial.com\/wp-content\/uploads\/2026\/01\/La-Fira-donacion-sangre-2026-3-2048x1466.jpeg 2048w, https:\/\/www.lafiracentrecomercial.com\/wp-content\/uploads\/2026\/01\/La-Fira-donacion-sangre-2026-3-105x75.jpeg 105w, https:\/\/www.lafiracentrecomercial.com\/wp-content\/uploads\/2026\/01\/La-Fira-donacion-sangre-2026-3-480x344.jpeg 480w\" sizes=\"(max-width:767px) 480px, (max-width:2560px) 100vw, 2560px\" \/><\/div><\/div>\n<\/div><\/div><div  class=\"column mcb-column mcb-item-f9waos2i one laptop-one tablet-one mobile-one column_column vb-item\" style=\"\" ><div class=\"mcb-column-inner mfn-module-wrapper mcb-column-inner-f9waos2i mcb-item-column-inner\"><div class=\"column_attr mfn-inline-editor clearfix\" style=\"\"><p style=\"font-weight: 400;\"><strong>La Fira Centro Comercial<\/strong> ha acogido una <strong>jornada de donaci\u00f3n de sangre<\/strong> de la mano del <strong>Banc de Sang i Teixits<\/strong> y dentro de la <strong>Marat\u00f3n de Donantes de Sangre de Catalu\u00f1a<\/strong>, una iniciativa solidaria que moviliza m\u00e1s de un centenar de campa\u00f1as en todo el territorio.<\/p>\n<p style=\"font-weight: 400;\">\u00c9sta ha sido la primera vez que desde La Fira hemos participado activamente en el Marat\u00f3n de Donantes de Sangre y que hemos organizado una campa\u00f1a de donaci\u00f3n de sangre en el interior del centro comercial. Para ello, se ha habilitado <strong>un local de la Planta -1<\/strong>, equipado con cinco literas, donde los donantes han podido hacer su donaci\u00f3n a lo largo de todo el d\u00eda y de forma tranquila.<\/p>\n<p style=\"font-weight: 400;\">La respuesta de los visitantes ha sido muy positiva. Se han registrado <strong>67 donaciones y 10 ofrecimientos<\/strong>, cifras que el Banc de Sang i Teixits valora muy positivamente. La jornada tambi\u00e9n ha puesto de manifiesto la solidaridad de los visitantes y trabajadores de La Fira, que han participado con un gesto esencial para ayudar a salvar vidas.<\/p>\n<p style=\"font-weight: 400;\">Como agradecimiento, todos los donantes han recibido una <strong>entrada de cine gratuita<\/strong> para cualquier sesi\u00f3n de los <strong>Cines Axion<\/strong>. Desde La Fira valoramos muy positivamente la colaboraci\u00f3n con el Banc de Sang i Teixits con la voluntad de poder repetir acciones similares de cara al futuro. Con acciones como \u00e9sta, queremos seguir reforzando nuestro compromiso social e implicaci\u00f3n con el territorio, promoviendo actividades que tienen un impacto directo y positivo en la comunidad.<\/p><\/div><\/div><\/div><div  class=\"column mcb-column mcb-item-3ctfgji6 one laptop-one tablet-one mobile-one column_image_gallery vb-item\" style=\"\" ><div class=\"mcb-column-inner mfn-module-wrapper mcb-column-inner-3ctfgji6 mcb-item-image_gallery-inner\">\n\t\t\t<style type='text\/css'>\n\t\t\t\t#sc_gallery-1 {\n\t\t\t\t\tmargin: auto;\n\t\t\t\t}\n\t\t\t\t#sc_gallery-1 .gallery-item {\n\t\t\t\t\tfloat: left;\n\t\t\t\t\ttext-align: center;\n\t\t\t\t\twidth: 33.33%;\n\t\t\t\t}\n\t\t\t\t#sc_gallery-1 img {\n\t\t\t\t\tborder: 2px solid #cfcfcf;\n\t\t\t\t}\n\t\t\t\t\/* see sc_gallery() in functions\/theme-shortcodes.php *\/\n\t\t\t<\/style>\n\t\t<div id='sc_gallery-1' class='gallery galleryid-7785 gallery-columns-3 gallery-size-full file element_classes gallery-default'><dl class='gallery-item'  data-title='La Fira-donacion-sangre 2026 (1)' data-description=''><div class='gallery-item-wrapper'>\n\t\t\t\t<dt class='gallery-icon landscape'>\n\t\t\t\t\t<a href='https:\/\/www.lafiracentrecomercial.com\/wp-content\/uploads\/2026\/01\/La-Fira-donacion-sangre-2026-1-scaled.jpeg'><img width=\"2560\" height=\"1893\" src=\"https:\/\/www.lafiracentrecomercial.com\/wp-content\/uploads\/2026\/01\/La-Fira-donacion-sangre-2026-1-scaled.jpeg\" class=\"attachment-full size-full\" alt=\"\" decoding=\"async\" srcset=\"https:\/\/www.lafiracentrecomercial.com\/wp-content\/uploads\/2026\/01\/La-Fira-donacion-sangre-2026-1-scaled.jpeg 2560w, https:\/\/www.lafiracentrecomercial.com\/wp-content\/uploads\/2026\/01\/La-Fira-donacion-sangre-2026-1-500x370.jpeg 500w, https:\/\/www.lafiracentrecomercial.com\/wp-content\/uploads\/2026\/01\/La-Fira-donacion-sangre-2026-1-1200x887.jpeg 1200w, https:\/\/www.lafiracentrecomercial.com\/wp-content\/uploads\/2026\/01\/La-Fira-donacion-sangre-2026-1-300x222.jpeg 300w, https:\/\/www.lafiracentrecomercial.com\/wp-content\/uploads\/2026\/01\/La-Fira-donacion-sangre-2026-1-768x568.jpeg 768w, https:\/\/www.lafiracentrecomercial.com\/wp-content\/uploads\/2026\/01\/La-Fira-donacion-sangre-2026-1-1536x1136.jpeg 1536w, https:\/\/www.lafiracentrecomercial.com\/wp-content\/uploads\/2026\/01\/La-Fira-donacion-sangre-2026-1-2048x1515.jpeg 2048w, https:\/\/www.lafiracentrecomercial.com\/wp-content\/uploads\/2026\/01\/La-Fira-donacion-sangre-2026-1-101x75.jpeg 101w, https:\/\/www.lafiracentrecomercial.com\/wp-content\/uploads\/2026\/01\/La-Fira-donacion-sangre-2026-1-480x355.jpeg 480w\" sizes=\"(max-width:767px) 480px, (max-width:2560px) 100vw, 2560px\" \/><\/a>\n\t\t\t\t<\/dt><\/div><\/dl><dl class='gallery-item'  data-title='La Fira-donacion-sangre 2026 (2)' data-description=''><div class='gallery-item-wrapper'>\n\t\t\t\t<dt class='gallery-icon portrait'>\n\t\t\t\t\t<a href='https:\/\/www.lafiracentrecomercial.com\/wp-content\/uploads\/2026\/01\/La-Fira-donacion-sangre-2026-2-scaled.jpeg'><img width=\"2043\" height=\"2560\" src=\"https:\/\/www.lafiracentrecomercial.com\/wp-content\/uploads\/2026\/01\/La-Fira-donacion-sangre-2026-2-scaled.jpeg\" class=\"attachment-full size-full\" alt=\"\" decoding=\"async\" srcset=\"https:\/\/www.lafiracentrecomercial.com\/wp-content\/uploads\/2026\/01\/La-Fira-donacion-sangre-2026-2-scaled.jpeg 2043w, https:\/\/www.lafiracentrecomercial.com\/wp-content\/uploads\/2026\/01\/La-Fira-donacion-sangre-2026-2-399x500.jpeg 399w, https:\/\/www.lafiracentrecomercial.com\/wp-content\/uploads\/2026\/01\/La-Fira-donacion-sangre-2026-2-958x1200.jpeg 958w, https:\/\/www.lafiracentrecomercial.com\/wp-content\/uploads\/2026\/01\/La-Fira-donacion-sangre-2026-2-239x300.jpeg 239w, https:\/\/www.lafiracentrecomercial.com\/wp-content\/uploads\/2026\/01\/La-Fira-donacion-sangre-2026-2-768x962.jpeg 768w, https:\/\/www.lafiracentrecomercial.com\/wp-content\/uploads\/2026\/01\/La-Fira-donacion-sangre-2026-2-1226x1536.jpeg 1226w, https:\/\/www.lafiracentrecomercial.com\/wp-content\/uploads\/2026\/01\/La-Fira-donacion-sangre-2026-2-1635x2048.jpeg 1635w, https:\/\/www.lafiracentrecomercial.com\/wp-content\/uploads\/2026\/01\/La-Fira-donacion-sangre-2026-2-60x75.jpeg 60w, https:\/\/www.lafiracentrecomercial.com\/wp-content\/uploads\/2026\/01\/La-Fira-donacion-sangre-2026-2-480x601.jpeg 480w\" sizes=\"(max-width:767px) 480px, (max-width:2043px) 100vw, 2043px\" \/><\/a>\n\t\t\t\t<\/dt><\/div><\/dl><dl class='gallery-item'  data-title='La Fira-donacion-sangre 2026 (3)' data-description=''><div class='gallery-item-wrapper'>\n\t\t\t\t<dt class='gallery-icon landscape'>\n\t\t\t\t\t<a href='https:\/\/www.lafiracentrecomercial.com\/wp-content\/uploads\/2026\/01\/La-Fira-donacion-sangre-2026-3-scaled.jpeg'><img width=\"2560\" height=\"1832\" src=\"https:\/\/www.lafiracentrecomercial.com\/wp-content\/uploads\/2026\/01\/La-Fira-donacion-sangre-2026-3-scaled.jpeg\" class=\"attachment-full size-full\" alt=\"\" decoding=\"async\" srcset=\"https:\/\/www.lafiracentrecomercial.com\/wp-content\/uploads\/2026\/01\/La-Fira-donacion-sangre-2026-3-scaled.jpeg 2560w, https:\/\/www.lafiracentrecomercial.com\/wp-content\/uploads\/2026\/01\/La-Fira-donacion-sangre-2026-3-500x358.jpeg 500w, https:\/\/www.lafiracentrecomercial.com\/wp-content\/uploads\/2026\/01\/La-Fira-donacion-sangre-2026-3-1200x859.jpeg 1200w, https:\/\/www.lafiracentrecomercial.com\/wp-content\/uploads\/2026\/01\/La-Fira-donacion-sangre-2026-3-300x215.jpeg 300w, https:\/\/www.lafiracentrecomercial.com\/wp-content\/uploads\/2026\/01\/La-Fira-donacion-sangre-2026-3-768x550.jpeg 768w, https:\/\/www.lafiracentrecomercial.com\/wp-content\/uploads\/2026\/01\/La-Fira-donacion-sangre-2026-3-1536x1099.jpeg 1536w, https:\/\/www.lafiracentrecomercial.com\/wp-content\/uploads\/2026\/01\/La-Fira-donacion-sangre-2026-3-2048x1466.jpeg 2048w, https:\/\/www.lafiracentrecomercial.com\/wp-content\/uploads\/2026\/01\/La-Fira-donacion-sangre-2026-3-105x75.jpeg 105w, https:\/\/www.lafiracentrecomercial.com\/wp-content\/uploads\/2026\/01\/La-Fira-donacion-sangre-2026-3-480x344.jpeg 480w\" sizes=\"(max-width:767px) 480px, (max-width:2560px) 100vw, 2560px\" \/><\/a>\n\t\t\t\t<\/dt><\/div><\/dl><br style=\"clear: both\" \/>\n\t\t\t<\/div>\n<\/div><\/div><\/div><\/div><div  class=\"wrap mcb-wrap mcb-wrap-1f11nuaob divider   mobile-one vb-item clearfix\" data-desktop-col=\"divider\" data-laptop-col=\"\" data-tablet-col=\"\" data-mobile-col=\"mobile-one\" style=\"\"   ><div class=\"mcb-wrap-inner mcb-wrap-inner-1f11nuaob mfn-module-wrapper mfn-wrapper-for-wraps\"  ><div class=\"mcb-wrap-background-overlay\"><\/div><\/div><\/div><div  class=\"wrap mcb-wrap mcb-wrap-jxwweexfr divider   mobile-one vb-item clearfix\" data-desktop-col=\"divider\" data-laptop-col=\"\" data-tablet-col=\"\" data-mobile-col=\"mobile-one\" style=\"\"   ><div class=\"mcb-wrap-inner mcb-wrap-inner-jxwweexfr mfn-module-wrapper mfn-wrapper-for-wraps\"  ><div class=\"mcb-wrap-background-overlay\"><\/div><\/div><\/div><\/div><\/section><section class=\"section mcb-section mfn-default-section mcb-section-xya0k15k default-width\"   style=\"\" ><div class=\"mcb-background-overlay\"><\/div><div class=\"section_wrapper mfn-wrapper-for-wraps mcb-section-inner mcb-section-inner-xya0k15k\"><div  class=\"wrap mcb-wrap mcb-wrap-8wxqoc7gp one-second tablet-one-second laptop-one-second mobile-one vb-item clearfix\" data-desktop-col=\"one-second\" data-laptop-col=\"laptop-one-second\" data-tablet-col=\"tablet-one-second\" data-mobile-col=\"mobile-one\" style=\"\"   ><div class=\"mcb-wrap-inner mcb-wrap-inner-8wxqoc7gp mfn-module-wrapper mfn-wrapper-for-wraps\"  ><div class=\"mcb-wrap-background-overlay\"><\/div><\/div><\/div><\/div><\/section><section class=\"section mcb-section mfn-default-section mcb-section-og5fq3h4p default-width\"   style=\"\" ><div class=\"mcb-background-overlay\"><\/div><div class=\"section_wrapper mfn-wrapper-for-wraps mcb-section-inner mcb-section-inner-og5fq3h4p\"><div  class=\"wrap mcb-wrap mcb-wrap-gf66ay6dq one tablet-one laptop-one mobile-one vb-item clearfix\" data-desktop-col=\"one\" data-laptop-col=\"laptop-one\" data-tablet-col=\"tablet-one\" data-mobile-col=\"mobile-one\" style=\"\"   ><div class=\"mcb-wrap-inner mcb-wrap-inner-gf66ay6dq mfn-module-wrapper mfn-wrapper-for-wraps\"  ><div class=\"mcb-wrap-background-overlay\"><\/div><div  class=\"column mcb-column mcb-item-7x4f9fqu one laptop-one tablet-one mobile-one column_button vb-item\" style=\"\" ><div class=\"mcb-column-inner mfn-module-wrapper mcb-column-inner-7x4f9fqu mcb-item-button-inner\"><a class=\"button  button_left button_size_1\" href=\"https:\/\/www.lafiracentrecomercial.com\/es\/actualidad-sin-filtros\/\"         title=\"\"><span class=\"button_icon\"><i class=\"icon-left-open\"  aria-hidden=\"true\"><\/i><\/span><span class=\"button_label\">Volver a Actualidad<\/span><\/a>\n<\/div><\/div><\/div><\/div><\/div><\/section><\/div>"},"publishpress_future_workflow_manual_trigger":{"enabledWorkflows":[]},"_links":{"self":[{"href":"https:\/\/www.lafiracentrecomercial.com\/es\/wp-json\/wp\/v2\/posts\/7785","targetHints":{"allow":["GET"]}}],"collection":[{"href":"https:\/\/www.lafiracentrecomercial.com\/es\/wp-json\/wp\/v2\/posts"}],"about":[{"href":"https:\/\/www.lafiracentrecomercial.com\/es\/wp-json\/wp\/v2\/types\/post"}],"author":[{"embeddable":true,"href":"https:\/\/www.lafiracentrecomercial.com\/es\/wp-json\/wp\/v2\/users\/2"}],"replies":[{"embeddable":true,"href":"https:\/\/www.lafiracentrecomercial.com\/es\/wp-json\/wp\/v2\/comments?post=7785"}],"version-history":[{"count":2,"href":"https:\/\/www.lafiracentrecomercial.com\/es\/wp-json\/wp\/v2\/posts\/7785\/revisions"}],"predecessor-version":[{"id":7787,"href":"https:\/\/www.lafiracentrecomercial.com\/es\/wp-json\/wp\/v2\/posts\/7785\/revisions\/7787"}],"wp:featuredmedia":[{"embeddable":true,"href":"https:\/\/www.lafiracentrecomercial.com\/es\/wp-json\/wp\/v2\/media\/7782"}],"wp:attachment":[{"href":"https:\/\/www.lafiracentrecomercial.com\/es\/wp-json\/wp\/v2\/media?parent=7785"}],"wp:term":[{"taxonomy":"category","embeddable":true,"href":"https:\/\/www.lafiracentrecomercial.com\/es\/wp-json\/wp\/v2\/categories?post=7785"},{"taxonomy":"post_tag","embeddable":true,"href":"https:\/\/www.lafiracentrecomercial.com\/es\/wp-json\/wp\/v2\/tags?post=7785"}],"curies":[{"name":"wp","href":"https:\/\/api.w.org\/{rel}","templated":true}]}}