{"id":7822,"date":"2026-01-19T13:10:35","date_gmt":"2026-01-19T13:10:35","guid":{"rendered":"https:\/\/www.lafiracentrecomercial.com\/?p=7822"},"modified":"2026-01-19T13:13:24","modified_gmt":"2026-01-19T13:13:24","slug":"la-fira-contara-desde-el-31-de-enero-con-la-primera-tienda-half-price-de-catalunya","status":"publish","type":"post","link":"https:\/\/www.lafiracentrecomercial.com\/es\/la-fira-contara-desde-el-31-de-enero-con-la-primera-tienda-half-price-de-catalunya\/","title":{"rendered":"La Fira contar\u00e1 desde el 31 de enero con la primera tienda Half Price de Catalunya"},"content":{"rendered":"\n<h5 class=\"wp-block-heading\"><\/h5>\n\n\n\n<div style=\"height:30px\" aria-hidden=\"true\" class=\"wp-block-spacer\"><\/div>\n\n\n\n<div style=\"height:30px\" aria-hidden=\"true\" class=\"wp-block-spacer\"><\/div>\n\n\n\n<p><\/p>\n","protected":false},"excerpt":{"rendered":"<p>La cadena europea off-price obre a Reus a final de mes amb m\u00e9s de 3.000 metres quadrats de grans marques a preus atractius<\/p>\n","protected":false},"author":2,"featured_media":7818,"comment_status":"closed","ping_status":"closed","sticky":false,"template":"","format":"standard","meta":{"footnotes":""},"categories":[116],"tags":[],"class_list":["post-7822","post","type-post","status-publish","format-standard","has-post-thumbnail","hentry","category-sin-categorizar-2"],"featured_img_url":"https:\/\/www.lafiracentrecomercial.com\/wp-content\/uploads\/2026\/01\/CC-La-Fira-Silicius.5.webp","custom_meta":{"contentDirectorios":"","contentAux":"<div data-id=\"7822\" class=\"mfn-builder-content mfn-default-content-buider\"><section class=\"section mcb-section mfn-default-section mcb-section-zya15xmm4 default-width\"   style=\"\" ><div class=\"mcb-background-overlay\"><\/div><div class=\"section_wrapper mfn-wrapper-for-wraps mcb-section-inner mcb-section-inner-zya15xmm4\"><div  class=\"wrap mcb-wrap mcb-wrap-57fgysmgw one tablet-one laptop-one mobile-one vb-item clearfix\" data-desktop-col=\"one\" data-laptop-col=\"laptop-one\" data-tablet-col=\"tablet-one\" data-mobile-col=\"mobile-one\" style=\"\"   ><div class=\"mcb-wrap-inner mcb-wrap-inner-57fgysmgw mfn-module-wrapper mfn-wrapper-for-wraps\"  ><div class=\"mcb-wrap-background-overlay\"><\/div><div  class=\"column mcb-column mcb-item-b93pzwxr one laptop-one tablet-one mobile-one column_heading vb-item\" style=\"\" ><div class=\"mcb-column-inner mfn-module-wrapper mcb-column-inner-b93pzwxr mcb-item-heading-inner\"><h1 class=\"title\">La Fira contar\u00e1 desde el 31 de enero con la primera tienda Half Price de Catalunya<\/h1><\/div><\/div><div  class=\"column mcb-column mcb-item-lwrwzz9l one laptop-one tablet-one mobile-one column_column vb-item\" style=\"\" ><div class=\"mcb-column-inner mfn-module-wrapper mcb-column-inner-lwrwzz9l mcb-item-column-inner\"><div class=\"column_attr mfn-inline-editor clearfix\" style=\"\"><ul>\n<li>\n<h3><span class=\"Apple-converted-space\">\u00a0<\/span><b>La cadena europea off-price abre en Reus a final de mes con m\u00e1s de 3.000 metros cuadrados de grandes marcas a precios atractivos<span class=\"Apple-converted-space\">\u00a0<\/span><\/b><b><\/b><\/h3>\n<\/li>\n<li>\n<h3><b>Con esta inauguraci\u00f3n, el centro comercial de Silicius refuerza su posicionamiento como referente en moda, restauraci\u00f3n y ocio y avanza en su expansi\u00f3n<span class=\"Apple-converted-space\">\u00a0<\/span><\/b><\/h3>\n<b><\/b><\/li>\n<\/ul><\/div><\/div><\/div><\/div><\/div><\/div><\/section><section class=\"section mcb-section mfn-default-section mcb-section-nclnlo4md default-width\"   style=\"\" ><div class=\"mcb-background-overlay\"><\/div><div class=\"section_wrapper mfn-wrapper-for-wraps mcb-section-inner mcb-section-inner-nclnlo4md\"><div  class=\"wrap mcb-wrap mcb-wrap-t76h8yas one tablet-one laptop-one mobile-one vb-item clearfix\" data-desktop-col=\"one\" data-laptop-col=\"laptop-one\" data-tablet-col=\"tablet-one\" data-mobile-col=\"mobile-one\" style=\"\"   ><div class=\"mcb-wrap-inner mcb-wrap-inner-t76h8yas mfn-module-wrapper mfn-wrapper-for-wraps\"  ><div class=\"mcb-wrap-background-overlay\"><\/div><div  class=\"column mcb-column mcb-item-qqd0kox one laptop-one tablet-one mobile-one column_image vb-item\" style=\"\" ><div class=\"mcb-column-inner mfn-module-wrapper mcb-column-inner-qqd0kox mcb-item-image-inner\"><div class=\"image_frame image_item no_link scale-with-grid element_classes alignnone stretch no_border mfn-img-box\" ><div class=\"image_wrapper\"><img width=\"1715\" height=\"1073\" src=\"https:\/\/www.lafiracentrecomercial.com\/wp-content\/uploads\/2026\/01\/CC-La-Fira-Silicius.5.jpg\" class=\"scale-with-grid\" alt=\"\" style=\"\" decoding=\"async\" srcset=\"https:\/\/www.lafiracentrecomercial.com\/wp-content\/uploads\/2026\/01\/CC-La-Fira-Silicius.5.jpg 1715w, https:\/\/www.lafiracentrecomercial.com\/wp-content\/uploads\/2026\/01\/CC-La-Fira-Silicius.5-500x313.jpg 500w, https:\/\/www.lafiracentrecomercial.com\/wp-content\/uploads\/2026\/01\/CC-La-Fira-Silicius.5-1200x751.jpg 1200w, https:\/\/www.lafiracentrecomercial.com\/wp-content\/uploads\/2026\/01\/CC-La-Fira-Silicius.5-300x188.jpg 300w, https:\/\/www.lafiracentrecomercial.com\/wp-content\/uploads\/2026\/01\/CC-La-Fira-Silicius.5-768x481.jpg 768w, https:\/\/www.lafiracentrecomercial.com\/wp-content\/uploads\/2026\/01\/CC-La-Fira-Silicius.5-1536x961.jpg 1536w, https:\/\/www.lafiracentrecomercial.com\/wp-content\/uploads\/2026\/01\/CC-La-Fira-Silicius.5-120x75.jpg 120w, https:\/\/www.lafiracentrecomercial.com\/wp-content\/uploads\/2026\/01\/CC-La-Fira-Silicius.5-480x300.jpg 480w\" sizes=\"(max-width:767px) 480px, (max-width:1715px) 100vw, 1715px\" \/><\/div><\/div>\n<\/div><\/div><div  class=\"column mcb-column mcb-item-qqejr5ji one laptop-one tablet-one mobile-one column_column vb-item\" style=\"\" ><div class=\"mcb-column-inner mfn-module-wrapper mcb-column-inner-qqejr5ji mcb-item-column-inner\"><div class=\"column_attr mfn-inline-editor clearfix\" style=\"\"><p><span class=\"Apple-converted-space\">\u00a0<\/span><b>La Fira Centre Comercial <\/b>contar\u00e1, a partir del s\u00e1bado 31 de enero, con la primera tienda <b>Half Price <\/b>en Catalunya. La llegada de la reconocida cadena europea al centro comercial gestionado por Silicius aportar\u00e1 una propuesta diferencial basada en grandes marcas, precios competitivos y una experiencia de compra alineada con las nuevas tendencias del retail.<span class=\"Apple-converted-space\">\u00a0<\/span><\/p>\n<p>Half Price apuesta por Reus con un establecimiento de <b>m\u00e1s de 3.000 metros cuadrados <\/b>repartidos entre la Planta Calle y la Planta Baja, convirti\u00e9ndose en el local de mayor superficie del centro comercial. La tienda ofrecer\u00e1 un amplio y variado cat\u00e1logo de productos de <b>primeras marcas internacionales<\/b>, incluyendo firmas de lujo. Asimismo, contar\u00e1 con secciones de <b>moda femenina, masculina e infantil<\/b>, adem\u00e1s de una completa propuesta de <b>calzado, equipamiento deportivo, art\u00edculos para el hogar y accesorios para mascotas.<span class=\"Apple-converted-space\">\u00a0<\/span><\/b><b><\/b><\/p>\n<p>La inauguraci\u00f3n del establecimiento en La Fira, con la que la cadena europea off-price quiere posicionarse como nuevo destino en moda y estilo de vida a precios imbatibles en Catalunya, estar\u00e1 acompa\u00f1ada de sorpresas y acciones especiales, como promociones y descuentos.<span class=\"Apple-converted-space\">\u00a0<\/span><\/p>\n<p>Para la Asset Manager de Centros Comerciales de Silicius, <b>Mayte Forj\u00e1n, <\/b>la llegada de Half Price es una excelente noticia tanto por la gran relevancia de la marca como por la incorporaci\u00f3n de un operador que aportar\u00e1 valor, variedad y diferenciaci\u00f3n al conjunto de la oferta comercial. En este sentido, asegura que se convertir\u00e1 \u201cen una de las grandes locomotoras del centro comercial\u201d y que <b>sus objetivos se alinean con la estrategia de La Fira<\/b>, ya que \u201cpermite acercar marcas reconocidas a un p\u00fablico amplio, enriquecer el mix comercial con una propuesta diversa y apostar por un modelo m\u00e1s sostenible\u201d.<span class=\"Apple-converted-space\">\u00a0<\/span><\/p>\n<p>As\u00ed, la incorporaci\u00f3n de Half Price refuerza el posicionamiento de <b>La Fira Centre Comercial como referente en moda, restauraci\u00f3n y ocio<\/b>, gracias a una oferta equilibrada que combina grandes marcas nacionales e internacionales con propuestas innovadoras en retail.<span class=\"Apple-converted-space\">\u00a0<\/span><\/p>\n<p>En este sentido, el centro, gestionado por la Socimi especializada en la compra y gesti\u00f3n de activos con rentas estables de largo plazo, se encuentra inmerso en un <b>plan de expansi\u00f3n <\/b>que contempla la apertura de nuevos espacios comerciales y el impulso de actividades culturales y gastron\u00f3micas con impacto positivo en la econom\u00eda local.<span class=\"Apple-converted-space\">\u00a0<\/span><\/p>\n<p>Half Price es una marca europea en r\u00e1pido crecimiento, con un surtido en constante renovaci\u00f3n que permite a los clientes descubrir desde <b>marcas nicho hasta firmas ic\u00f3nicas de dise\u00f1ador<\/b>, siempre a <b>precios muy competitivos<\/b>. Su propuesta responde a la creciente demanda de consumo responsable y accesible, ofreciendo calidad, tendencia y una segunda vida a los stocks de grandes marcas.<span class=\"Apple-converted-space\">\u00a0<\/span><\/p><\/div><\/div><\/div><\/div><\/div><div  class=\"wrap mcb-wrap mcb-wrap-1f11nuaob divider   mobile-one vb-item clearfix\" data-desktop-col=\"divider\" data-laptop-col=\"\" data-tablet-col=\"\" data-mobile-col=\"mobile-one\" style=\"\"   ><div class=\"mcb-wrap-inner mcb-wrap-inner-1f11nuaob mfn-module-wrapper mfn-wrapper-for-wraps\"  ><div class=\"mcb-wrap-background-overlay\"><\/div><\/div><\/div><div  class=\"wrap mcb-wrap mcb-wrap-jxwweexfr divider   mobile-one vb-item clearfix\" data-desktop-col=\"divider\" data-laptop-col=\"\" data-tablet-col=\"\" data-mobile-col=\"mobile-one\" style=\"\"   ><div class=\"mcb-wrap-inner mcb-wrap-inner-jxwweexfr mfn-module-wrapper mfn-wrapper-for-wraps\"  ><div class=\"mcb-wrap-background-overlay\"><\/div><\/div><\/div><\/div><\/section><section class=\"section mcb-section mfn-default-section mcb-section-xya0k15k default-width\"   style=\"\" ><div class=\"mcb-background-overlay\"><\/div><div class=\"section_wrapper mfn-wrapper-for-wraps mcb-section-inner mcb-section-inner-xya0k15k\"><div  class=\"wrap mcb-wrap mcb-wrap-8wxqoc7gp one-second tablet-one-second laptop-one-second mobile-one vb-item clearfix\" data-desktop-col=\"one-second\" data-laptop-col=\"laptop-one-second\" data-tablet-col=\"tablet-one-second\" data-mobile-col=\"mobile-one\" style=\"\"   ><div class=\"mcb-wrap-inner mcb-wrap-inner-8wxqoc7gp mfn-module-wrapper mfn-wrapper-for-wraps\"  ><div class=\"mcb-wrap-background-overlay\"><\/div><\/div><\/div><\/div><\/section><section class=\"section mcb-section mfn-default-section mcb-section-og5fq3h4p default-width\"   style=\"\" ><div class=\"mcb-background-overlay\"><\/div><div class=\"section_wrapper mfn-wrapper-for-wraps mcb-section-inner mcb-section-inner-og5fq3h4p\"><div  class=\"wrap mcb-wrap mcb-wrap-gf66ay6dq one tablet-one laptop-one mobile-one vb-item clearfix\" data-desktop-col=\"one\" data-laptop-col=\"laptop-one\" data-tablet-col=\"tablet-one\" data-mobile-col=\"mobile-one\" style=\"\"   ><div class=\"mcb-wrap-inner mcb-wrap-inner-gf66ay6dq mfn-module-wrapper mfn-wrapper-for-wraps\"  ><div class=\"mcb-wrap-background-overlay\"><\/div><div  class=\"column mcb-column mcb-item-7x4f9fqu one laptop-one tablet-one mobile-one column_button vb-item\" style=\"\" ><div class=\"mcb-column-inner mfn-module-wrapper mcb-column-inner-7x4f9fqu mcb-item-button-inner\"><a class=\"button  button_left button_size_1\" href=\"https:\/\/www.lafiracentrecomercial.com\/es\/actualidad-sin-filtros\/\"         title=\"\"><span class=\"button_icon\"><i class=\"icon-left-open\"  aria-hidden=\"true\"><\/i><\/span><span class=\"button_label\">Volver a Actualidad<\/span><\/a>\n<\/div><\/div><\/div><\/div><\/div><\/section><\/div>"},"publishpress_future_workflow_manual_trigger":{"enabledWorkflows":[]},"_links":{"self":[{"href":"https:\/\/www.lafiracentrecomercial.com\/es\/wp-json\/wp\/v2\/posts\/7822","targetHints":{"allow":["GET"]}}],"collection":[{"href":"https:\/\/www.lafiracentrecomercial.com\/es\/wp-json\/wp\/v2\/posts"}],"about":[{"href":"https:\/\/www.lafiracentrecomercial.com\/es\/wp-json\/wp\/v2\/types\/post"}],"author":[{"embeddable":true,"href":"https:\/\/www.lafiracentrecomercial.com\/es\/wp-json\/wp\/v2\/users\/2"}],"replies":[{"embeddable":true,"href":"https:\/\/www.lafiracentrecomercial.com\/es\/wp-json\/wp\/v2\/comments?post=7822"}],"version-history":[{"count":1,"href":"https:\/\/www.lafiracentrecomercial.com\/es\/wp-json\/wp\/v2\/posts\/7822\/revisions"}],"predecessor-version":[{"id":7823,"href":"https:\/\/www.lafiracentrecomercial.com\/es\/wp-json\/wp\/v2\/posts\/7822\/revisions\/7823"}],"wp:featuredmedia":[{"embeddable":true,"href":"https:\/\/www.lafiracentrecomercial.com\/es\/wp-json\/wp\/v2\/media\/7818"}],"wp:attachment":[{"href":"https:\/\/www.lafiracentrecomercial.com\/es\/wp-json\/wp\/v2\/media?parent=7822"}],"wp:term":[{"taxonomy":"category","embeddable":true,"href":"https:\/\/www.lafiracentrecomercial.com\/es\/wp-json\/wp\/v2\/categories?post=7822"},{"taxonomy":"post_tag","embeddable":true,"href":"https:\/\/www.lafiracentrecomercial.com\/es\/wp-json\/wp\/v2\/tags?post=7822"}],"curies":[{"name":"wp","href":"https:\/\/api.w.org\/{rel}","templated":true}]}}